{"id":77396,"date":"2018-12-19T18:06:03","date_gmt":"2018-12-19T21:06:03","guid":{"rendered":"http:\/\/www.caririemacao.com\/1\/?p=77396"},"modified":"2018-12-19T18:06:03","modified_gmt":"2018-12-19T21:06:03","slug":"procuradoria-geral-recorre-e-toffoli-pode-derrubar-decisao-de-marco-aurelio","status":"publish","type":"post","link":"https:\/\/www.caririemacao.com\/1\/2018\/12\/19\/procuradoria-geral-recorre-e-toffoli-pode-derrubar-decisao-de-marco-aurelio\/","title":{"rendered":"Procuradoria-geral recorre, e Toffoli pode derrubar decis\u00e3o de Marco Aur\u00e9lio"},"content":{"rendered":"<p>&nbsp;<\/p>\n<hr class=\"content__divider \" \/>\n<div class=\"mc-article-body\">\n<article>\n<div class=\"mc-column mc-side-item__container\" data-block-type=\"ads\">\n<div class=\"mc-side-item mc-side-item--right content-ads content-ads--side-ad\">\n<div id=\"banner_materia1\" class=\"tag-manager-publicidade-container\">A Procuradoria-geral da Rep\u00fablica <strong>entrou com um recurso<\/strong> a respeito <strong>da decis\u00e3o de Marco Aur\u00e9lio Mello<\/strong>. Desde as 15h de hoje, todos os recursos s\u00e3o dirigidos diretamente \u00e0 presid\u00eancia do STF em raz\u00e3o do recesso do Judici\u00e1rio.<\/div>\n<\/div>\n<\/div>\n<div class=\"wall protected-content\">\n<div class=\"mc-column content-text active-extra-styles \" data-block-type=\"unstyled\" data-block-weight=\"33\">\n<p class=\"content-text__container \" data-track-category=\"Link no Texto\" data-track-links=\"\">A tend\u00eancia hoje \u00e9 que Dias Toffoli, presidente da casa, acate o recurso da procuradoria, embora Toffoli seja favor\u00e1vel ao cumprimento da pena somente depois da condena\u00e7\u00e3o pelo Superior Tribunal de Justi\u00e7a (STJ).<\/p>\n<\/div>\n<div class=\"mc-column content-text active-extra-styles \" data-block-type=\"unstyled\" data-block-weight=\"27\">\n<p class=\"content-text__container \" data-track-category=\"Link no Texto\" data-track-links=\"\">Dias Toffoli <strong>pautou para abril o julgamento das ADCs<\/strong> (A\u00e7\u00f5es Declarat\u00f3rias de Constitucionalidade), que tratam do cumprimento provis\u00f3rio da pena e que s\u00e3o relatadas por Marco Aur\u00e9lio.<\/p>\n<\/div>\n<div data-track-category=\"fim do conteudo\" data-track-action=\"ultimo chunk conteudo\" data-track-noninteraction=\"false\" data-track-scroll=\"entrada completa viewport\">\n<div class=\"mc-column content-text active-extra-styles \" data-block-type=\"unstyled\" data-block-weight=\"24\">\n<p class=\"content-text__container \" data-track-category=\"Link no Texto\" data-track-links=\"\">Por isso, a decis\u00e3o do ministro do STF de conceder a liminar hoje a favor dos presos provis\u00f3rios causou inc\u00f4modo na presid\u00eancia do Supremo.<\/p>\n<\/div>\n<\/div>\n<\/div>\n<\/article>\n<\/div>\n<p data-track-category=\"Link no Texto\" data-track-links=\"\">\n<p data-track-category=\"Link no Texto\" data-track-links=\"\">G1<\/p>\n","protected":false},"excerpt":{"rendered":"<p>&nbsp; A Procuradoria-geral da Rep\u00fablica entrou com um recurso a respeito da decis\u00e3o de Marco Aur\u00e9lio Mello. Desde as 15h de hoje, todos os recursos&hellip; <\/p>\n","protected":false},"author":1,"featured_media":19492,"comment_status":"closed","ping_status":"closed","sticky":false,"template":"","format":"standard","meta":{"sfsi_plus_gutenberg_text_before_share":"","sfsi_plus_gutenberg_show_text_before_share":"","sfsi_plus_gutenberg_icon_type":"","sfsi_plus_gutenberg_icon_alignemt":"","sfsi_plus_gutenburg_max_per_row":"","footnotes":""},"categories":[11],"tags":[],"class_list":["post-77396","post","type-post","status-publish","format-standard","has-post-thumbnail","hentry","category-politica"],"_links":{"self":[{"href":"https:\/\/www.caririemacao.com\/1\/wp-json\/wp\/v2\/posts\/77396","targetHints":{"allow":["GET"]}}],"collection":[{"href":"https:\/\/www.caririemacao.com\/1\/wp-json\/wp\/v2\/posts"}],"about":[{"href":"https:\/\/www.caririemacao.com\/1\/wp-json\/wp\/v2\/types\/post"}],"author":[{"embeddable":true,"href":"https:\/\/www.caririemacao.com\/1\/wp-json\/wp\/v2\/users\/1"}],"replies":[{"embeddable":true,"href":"https:\/\/www.caririemacao.com\/1\/wp-json\/wp\/v2\/comments?post=77396"}],"version-history":[{"count":1,"href":"https:\/\/www.caririemacao.com\/1\/wp-json\/wp\/v2\/posts\/77396\/revisions"}],"predecessor-version":[{"id":77397,"href":"https:\/\/www.caririemacao.com\/1\/wp-json\/wp\/v2\/posts\/77396\/revisions\/77397"}],"wp:featuredmedia":[{"embeddable":true,"href":"https:\/\/www.caririemacao.com\/1\/wp-json\/wp\/v2\/media\/19492"}],"wp:attachment":[{"href":"https:\/\/www.caririemacao.com\/1\/wp-json\/wp\/v2\/media?parent=77396"}],"wp:term":[{"taxonomy":"category","embeddable":true,"href":"https:\/\/www.caririemacao.com\/1\/wp-json\/wp\/v2\/categories?post=77396"},{"taxonomy":"post_tag","embeddable":true,"href":"https:\/\/www.caririemacao.com\/1\/wp-json\/wp\/v2\/tags?post=77396"}],"curies":[{"name":"wp","href":"https:\/\/api.w.org\/{rel}","templated":true}]}}