{"id":77401,"date":"2018-12-19T18:18:40","date_gmt":"2018-12-19T21:18:40","guid":{"rendered":"http:\/\/www.caririemacao.com\/1\/?p=77401"},"modified":"2018-12-19T18:18:40","modified_gmt":"2018-12-19T21:18:40","slug":"se-vier-a-ordem-lula-sera-solto-imediatamente-diz-delegado","status":"publish","type":"post","link":"https:\/\/www.caririemacao.com\/1\/2018\/12\/19\/se-vier-a-ordem-lula-sera-solto-imediatamente-diz-delegado\/","title":{"rendered":"Se vier a ordem, Lula \u201cser\u00e1 solto imediatamente\u201d, diz delegado"},"content":{"rendered":"<p style=\"margin: 8px 0px 20px; padding: 0px; color: #000000; text-transform: none; line-height: 32px; text-indent: 0px; letter-spacing: normal; font-family: Georgia, 'Times New Roman', serif; font-size: 18px; font-style: normal; font-weight: normal; text-decoration: none; word-spacing: 0px; white-space: normal; orphans: 2; widows: 2; font-variant-ligatures: normal; font-variant-caps: normal; -webkit-text-stroke-width: 0px;\">Na Pol\u00edcia Federal, a orienta\u00e7\u00e3o \u00e9 soltar o ex-presidente Luiz In\u00e1cio Lula da Silva se chegar uma ordem nesse sentido da ju\u00edza respons\u00e1vel pela execu\u00e7\u00e3o da pena do petista. Segundo um delegado, Lula \u201cser\u00e1 solto imediatamente\u201d caso esse seja o entendimento da ju\u00edza Carolina Lebbos<span class=\"Apple-converted-space\">\u00a0<\/span><strong>a partir da liminar do ministro Marco Aur\u00e9lio Mello, do Supremo, que revogou a pris\u00e3o ap\u00f3s segunda inst\u00e2ncia.\u00a0<\/strong><\/p>\n<p style=\"margin: 8px 0px 20px; padding: 0px; color: #000000; text-transform: none; line-height: 32px; text-indent: 0px; letter-spacing: normal; font-family: Georgia, 'Times New Roman', serif; font-size: 18px; font-style: normal; font-weight: normal; text-decoration: none; word-spacing: 0px; white-space: normal; orphans: 2; widows: 2; font-variant-ligatures: normal; font-variant-caps: normal; -webkit-text-stroke-width: 0px;\">Para deliberar, a ju\u00edza precisa ser notificada pelo Supremo. Ela pode fazer questionamentos \u00e0 Corte caso ache necess\u00e1rio, prolongando a sua decis\u00e3o.<\/p>\n<p><span style=\"color: #000000; text-transform: none; text-indent: 0px; letter-spacing: normal; font-family: Georgia, 'Times New Roman', serif; font-size: 18px; font-style: normal; font-weight: normal; word-spacing: 0px; float: none; display: inline !important; white-space: normal; orphans: 2; widows: 2; font-variant-ligatures: normal; font-variant-caps: normal; -webkit-text-stroke-width: 0px; text-decoration-style: initial; text-decoration-color: initial;\">A avalia\u00e7\u00e3o na PF \u00e9 que a decis\u00e3o do ministro Marco Aur\u00e9lio alcan\u00e7a tamb\u00e9m presos da Opera\u00e7\u00e3o Lava Jato que cumprem a pena em regime domiciliar com tornozeleira eletr\u00f4nica. \u00c9 o caso, por exemplo, do empres\u00e1rio Marcelo Odebrecht.<\/span><\/p>\n<p>&nbsp;<\/p>\n<p>Estad\u00e3o<\/p>\n","protected":false},"excerpt":{"rendered":"<p>Na Pol\u00edcia Federal, a orienta\u00e7\u00e3o \u00e9 soltar o ex-presidente Luiz In\u00e1cio Lula da Silva se chegar uma ordem nesse sentido da ju\u00edza respons\u00e1vel pela execu\u00e7\u00e3o&hellip; <\/p>\n","protected":false},"author":1,"featured_media":46472,"comment_status":"closed","ping_status":"closed","sticky":false,"template":"","format":"standard","meta":{"sfsi_plus_gutenberg_text_before_share":"","sfsi_plus_gutenberg_show_text_before_share":"","sfsi_plus_gutenberg_icon_type":"","sfsi_plus_gutenberg_icon_alignemt":"","sfsi_plus_gutenburg_max_per_row":"","footnotes":""},"categories":[11],"tags":[],"class_list":["post-77401","post","type-post","status-publish","format-standard","has-post-thumbnail","hentry","category-politica"],"_links":{"self":[{"href":"https:\/\/www.caririemacao.com\/1\/wp-json\/wp\/v2\/posts\/77401","targetHints":{"allow":["GET"]}}],"collection":[{"href":"https:\/\/www.caririemacao.com\/1\/wp-json\/wp\/v2\/posts"}],"about":[{"href":"https:\/\/www.caririemacao.com\/1\/wp-json\/wp\/v2\/types\/post"}],"author":[{"embeddable":true,"href":"https:\/\/www.caririemacao.com\/1\/wp-json\/wp\/v2\/users\/1"}],"replies":[{"embeddable":true,"href":"https:\/\/www.caririemacao.com\/1\/wp-json\/wp\/v2\/comments?post=77401"}],"version-history":[{"count":1,"href":"https:\/\/www.caririemacao.com\/1\/wp-json\/wp\/v2\/posts\/77401\/revisions"}],"predecessor-version":[{"id":77402,"href":"https:\/\/www.caririemacao.com\/1\/wp-json\/wp\/v2\/posts\/77401\/revisions\/77402"}],"wp:featuredmedia":[{"embeddable":true,"href":"https:\/\/www.caririemacao.com\/1\/wp-json\/wp\/v2\/media\/46472"}],"wp:attachment":[{"href":"https:\/\/www.caririemacao.com\/1\/wp-json\/wp\/v2\/media?parent=77401"}],"wp:term":[{"taxonomy":"category","embeddable":true,"href":"https:\/\/www.caririemacao.com\/1\/wp-json\/wp\/v2\/categories?post=77401"},{"taxonomy":"post_tag","embeddable":true,"href":"https:\/\/www.caririemacao.com\/1\/wp-json\/wp\/v2\/tags?post=77401"}],"curies":[{"name":"wp","href":"https:\/\/api.w.org\/{rel}","templated":true}]}}