{"id":77403,"date":"2018-12-19T18:22:28","date_gmt":"2018-12-19T21:22:28","guid":{"rendered":"http:\/\/www.caririemacao.com\/1\/?p=77403"},"modified":"2018-12-19T18:22:28","modified_gmt":"2018-12-19T21:22:28","slug":"seguro-desemprego-podera-ser-solicitado-pela-internet","status":"publish","type":"post","link":"https:\/\/www.caririemacao.com\/1\/2018\/12\/19\/seguro-desemprego-podera-ser-solicitado-pela-internet\/","title":{"rendered":"Seguro-desemprego poder\u00e1 ser solicitado pela internet"},"content":{"rendered":"<p>Os trabalhadores brasileiros poder\u00e3o solicitar o seguro-desemprego\u00a0pela internet a partir de hoje (19), \u00e0s 18h, pelo <a href=\"http:\/\/empregabrasil.mte.gov.br\/\" target=\"_blank\" rel=\"noopener\">portal Emprega Brasil<\/a>.<\/p>\n<p>O chamado seguro-desemprego 100% web permitir\u00e1 que o benef\u00edcio seja concedido sem a necessidade de comparecimento a um\u00a0posto\u00a0de atendimento. O servi\u00e7o foi lan\u00e7ado nesta tarde, pelo Minist\u00e9rio do Trabalho.<\/p>\n<p>Pelo portal, o trabalhador poder\u00e1 consultar tamb\u00e9m oportunidades de trabalho e cursos de qualifica\u00e7\u00e3o profissional que estejam sendo ofertados pr\u00f3ximos ao local onde reside.<\/p>\n<p>O trabalhador que quiser o benef\u00edcio deve acessar o portal Emprega Brasil e seguir o passo a passo informado. Deve informar os dados pessoais e responder um breve question\u00e1rio sobre a vida laboral e<br \/>\nprevidenci\u00e1ria.<\/p>\n<p>O sistema ir\u00e1 checar se as informa\u00e7\u00f5es necess\u00e1rias constam nas bases de dados do governo. Caso n\u00e3o haja necessidade de complementa\u00e7\u00e3o, o benef\u00edcio ser\u00e1 concedido em 30 dias, mesmo prazo necess\u00e1rio caso o<br \/>\ntrabalhador v\u00e1 diretamente a uma ag\u00eancia. Caso contr\u00e1rio, ser\u00e1 necess\u00e1rio o comparecimento a postos de atendimento.<\/p>\n<div class=\"dnd-widget-wrapper context-grande_6colunas type-image atom-align-left\">\n<div class=\"dnd-atom-rendered\"><!-- scald=129390:grande_6colunas {\"additionalClasses\":\"\"} --><\/p>\n<figure class=\"mejs-fotoh-wrapper\"><img decoding=\"async\" class=\"img-responsive full full lazyload\" title=\"Fabio Rodrigues Pozzebom\/Ag\u00eancia Brasil\" data-src=\"http:\/\/imagens.ebc.com.br\/5egj4HF1ClTYgOr4zFpzDxn2GRY=\/463x0\/smart\/http:\/\/agenciabrasil.ebc.com.br\/sites\/default\/files\/thumbnails\/image\/fpzzb_abr_19122018-7246.jpg?itok=zglINV4Z\" alt=\"O presidente da Dataprev, Andr\u00e9 Leandro Magalh\u00e3es, e o ministro do Trabalho, Caio Vieira de Mello, durante lan\u00e7amento do servi\u00e7o de solicita\u00e7\u00e3o do seguro-desemprego integralmente pela internet.\" src=\"data:image\/svg+xml;base64,PHN2ZyB3aWR0aD0iMSIgaGVpZ2h0PSIxIiB4bWxucz0iaHR0cDovL3d3dy53My5vcmcvMjAwMC9zdmciPjwvc3ZnPg==\" \/><\/figure>\n<\/div>\n<\/div>\n<p>O Minist\u00e9rio do Trabalho estima que um em cada quatro trabalhadores desempregados possa\u00a0receber o seguro apenas com o acesso on-line.<\/p>\n<p>\u201cQueria estar tratando do seguro emprego e n\u00e3o do seguro-desemprego, mas, infelizmente, devido \u00e0 quest\u00e3o da rotatividade, do desemprego, a quest\u00e3o econ\u00f4mica, aparece essa ferramenta que tem como finalidade<br \/>\ngarantir uma subsist\u00eancia ao trabalhador no per\u00edodo em que est\u00e1 completamente desativado da sua fun\u00e7\u00e3o\u201d, disse o ministro do Trabalho, Caio Vieira de Mello, no discurso de lan\u00e7amento da nova modalidade.<\/p>\n<p>Segundo a pasta, h\u00e1 atualmente 600 mil requerimentos mensais do benef\u00edcio. A estimativa \u00e9 que com a possibilidade de pedido pela internet esse n\u00famero cres\u00e7a. De acordo com os \u00faltimos dados do Instituto Brasileiro de Geografia e Estat\u00edstica (IBGE), o pa\u00eds tem 12,5 milh\u00f5es de desempregados.<\/p>\n<p>Podem receber o seguro-desemprego trabalhadores que foram dispensados de trabalhos formais, com carteira de trabalho assinada. Atualmente existem cinco modalidades para pagamento do seguro-desemprego. Pelo seguro-desemprego formal, os trabalhadores recebem entre R$ 954 e 1.677,74. H\u00e1 ainda as modalidades pescador artesanal, empregado dom\u00e9stico, trabalhador resgatado e bolsa de qualifica\u00e7\u00e3o profissional.<\/p>\n<p>&nbsp;<\/p>\n<p>EBC<\/p>\n","protected":false},"excerpt":{"rendered":"<p>Os trabalhadores brasileiros poder\u00e3o solicitar o seguro-desemprego\u00a0pela internet a partir de hoje (19), \u00e0s 18h, pelo portal Emprega Brasil. O chamado seguro-desemprego 100% web permitir\u00e1&hellip; <\/p>\n","protected":false},"author":1,"featured_media":10175,"comment_status":"closed","ping_status":"closed","sticky":false,"template":"","format":"standard","meta":{"sfsi_plus_gutenberg_text_before_share":"","sfsi_plus_gutenberg_show_text_before_share":"","sfsi_plus_gutenberg_icon_type":"","sfsi_plus_gutenberg_icon_alignemt":"","sfsi_plus_gutenburg_max_per_row":"","footnotes":""},"categories":[2],"tags":[],"class_list":["post-77403","post","type-post","status-publish","format-standard","has-post-thumbnail","hentry","category-geral"],"_links":{"self":[{"href":"https:\/\/www.caririemacao.com\/1\/wp-json\/wp\/v2\/posts\/77403","targetHints":{"allow":["GET"]}}],"collection":[{"href":"https:\/\/www.caririemacao.com\/1\/wp-json\/wp\/v2\/posts"}],"about":[{"href":"https:\/\/www.caririemacao.com\/1\/wp-json\/wp\/v2\/types\/post"}],"author":[{"embeddable":true,"href":"https:\/\/www.caririemacao.com\/1\/wp-json\/wp\/v2\/users\/1"}],"replies":[{"embeddable":true,"href":"https:\/\/www.caririemacao.com\/1\/wp-json\/wp\/v2\/comments?post=77403"}],"version-history":[{"count":1,"href":"https:\/\/www.caririemacao.com\/1\/wp-json\/wp\/v2\/posts\/77403\/revisions"}],"predecessor-version":[{"id":77404,"href":"https:\/\/www.caririemacao.com\/1\/wp-json\/wp\/v2\/posts\/77403\/revisions\/77404"}],"wp:featuredmedia":[{"embeddable":true,"href":"https:\/\/www.caririemacao.com\/1\/wp-json\/wp\/v2\/media\/10175"}],"wp:attachment":[{"href":"https:\/\/www.caririemacao.com\/1\/wp-json\/wp\/v2\/media?parent=77403"}],"wp:term":[{"taxonomy":"category","embeddable":true,"href":"https:\/\/www.caririemacao.com\/1\/wp-json\/wp\/v2\/categories?post=77403"},{"taxonomy":"post_tag","embeddable":true,"href":"https:\/\/www.caririemacao.com\/1\/wp-json\/wp\/v2\/tags?post=77403"}],"curies":[{"name":"wp","href":"https:\/\/api.w.org\/{rel}","templated":true}]}}