{"id":77412,"date":"2018-12-19T18:50:55","date_gmt":"2018-12-19T21:50:55","guid":{"rendered":"http:\/\/www.caririemacao.com\/1\/?p=77412"},"modified":"2018-12-19T18:50:55","modified_gmt":"2018-12-19T21:50:55","slug":"toffoli-derruba-decisao-que-mandou-soltar-presos-condenados-em-2a-instancia","status":"publish","type":"post","link":"https:\/\/www.caririemacao.com\/1\/2018\/12\/19\/toffoli-derruba-decisao-que-mandou-soltar-presos-condenados-em-2a-instancia\/","title":{"rendered":"Toffoli derruba decis\u00e3o que mandou soltar presos condenados em 2\u00aa inst\u00e2ncia"},"content":{"rendered":"<p>O presidente do <strong>Supremo Tribunal Federal<\/strong> (STF), <strong>Dias Toffoli<\/strong>, derrubou nesta quarta-feira (19) a decis\u00e3o do ministro <strong>Marco Aur\u00e9lio Mello<\/strong> sobre presos condenados em segunda inst\u00e2ncia.<\/p>\n<div class=\"wall protected-content\">\n<div class=\"mc-column content-text active-extra-styles \" data-block-type=\"unstyled\" data-block-weight=\"23\">\n<p class=\"content-text__container \" data-track-category=\"Link no Texto\" data-track-links=\"\">Mais cedo, nesta quarta, Marco Aur\u00e9lio <strong>mandou soltar<\/strong> todas as pessoas que estivessem presas por terem sido condenadas pela segunda inst\u00e2ncia da Justi\u00e7a.<\/p>\n<\/div>\n<div class=\"mc-column content-text active-extra-styles \" data-block-type=\"unstyled\" data-block-weight=\"21\">\n<p class=\"content-text__container \" data-track-category=\"Link no Texto\" data-track-links=\"\">Diante disso, a procuradora-geral da Rep\u00fablica, Raquel Dodge, <strong>recorreu ao Supremo<\/strong>, e Toffoli, de plant\u00e3o, derrubou a decis\u00e3o de Marco Aur\u00e9lio.<\/p>\n<\/div>\n<div class=\"mc-column content-text active-extra-styles \" data-block-type=\"unstyled\" data-block-weight=\"31\">\n<p class=\"content-text__container \" data-track-category=\"Link no Texto\" data-track-links=\"\">Dados do Conselho Nacional de Justi\u00e7a (CNJ) mostram que at\u00e9 <strong>169 mil pessoas poderiam ter sido beneficiadas<\/strong> pela decis\u00e3o de Marco Aur\u00e9lio, entre elas o ex-presidente Luiz In\u00e1cio Lula da Silva.<\/p>\n<\/div>\n<div class=\"mc-column content-text active-extra-styles \" data-block-type=\"unstyled\" data-block-weight=\"22\">\n<p class=\"content-text__container \" data-track-category=\"Link no Texto\" data-track-links=\"\">Preso <strong>desde abril<\/strong>, Lula foi <strong>condenado<\/strong> pelo Tribunal Regional de Federal da Quarta Regi\u00e3o (TRF-4), respons\u00e1vel pela Lava Jato em segunda inst\u00e2ncia.<\/p>\n<\/div>\n<div class=\"mc-column content-text active-extra-styles\" data-block-type=\"raw\" data-block-weight=\"3\">\n<div class=\"content-intertitle\">\n<h2>Julgamento em 2019<\/h2>\n<\/div>\n<\/div>\n<div class=\"mc-column content-text active-extra-styles \" data-block-type=\"unstyled\" data-block-weight=\"27\">\n<p class=\"content-text__container \" data-track-category=\"Link no Texto\" data-track-links=\"\">No in\u00edcio da semana, Toffoli anunciou \u00e0 imprensa que as a\u00e7\u00f5es sobre pris\u00e3o ap\u00f3s segunda inst\u00e2ncia <strong>ser\u00e3o julgadas no dia 10 de abril<\/strong> do ano que vem.<\/p>\n<\/div>\n<div class=\"mc-column content-text active-extra-styles \" data-block-type=\"unstyled\" data-block-weight=\"25\">\n<p class=\"content-text__container \" data-track-category=\"Link no Texto\" data-track-links=\"\">Desde 2016 o Supremo entende que <strong>a pessoa pode ser presa<\/strong> ap\u00f3s ser condenada em segunda inst\u00e2ncia, mas a\u00e7\u00f5es no tribunal visam <strong>mudar esse entendimento<\/strong>.<\/p>\n<\/div>\n<div class=\"mc-column content-text active-extra-styles \" data-block-type=\"unstyled\" data-block-weight=\"23\">\n<p class=\"content-text__container \" data-track-category=\"Link no Texto\" data-track-links=\"\">No ano que vem, o STF analisar\u00e1 tr\u00eas a\u00e7\u00f5es apresentadas pelos partidos PCdoB e Patriota, al\u00e9m da Ordem dos Advogados do Brasil (OAB).<\/p>\n<\/div>\n<div class=\"mc-column content-text active-extra-styles \" data-block-type=\"unstyled\" data-block-weight=\"34\">\n<p class=\"content-text__container \" data-track-category=\"Link no Texto\" data-track-links=\"\">O principal argumento \u00e9 que o artigo 283 do C\u00f3digo de Processo Penal estabelece que as pris\u00f5es s\u00f3 podem ocorrer ap\u00f3s o tr\u00e2nsito em julgado, ou seja, quando n\u00e3o couber mais recursos no processo.<\/p>\n<\/div>\n<div class=\"mc-column content-text active-extra-styles \" data-block-type=\"unstyled\" data-block-weight=\"22\">\n<p class=\"content-text__container \" data-track-category=\"Link no Texto\" data-track-links=\"\">Al\u00e9m disso, o artigo 5\u00ba da Constitui\u00e7\u00e3o define que &#8220;ningu\u00e9m ser\u00e1 considerado culpado at\u00e9 o tr\u00e2nsito em julgado de senten\u00e7a penal condenat\u00f3ria&#8221;.<\/p>\n<\/div>\n<div data-track-category=\"fim do conteudo\" data-track-action=\"ultimo chunk conteudo\" data-track-noninteraction=\"false\" data-track-scroll=\"entrada completa viewport\">\n<div class=\"mc-column content-text active-extra-styles \" data-block-type=\"unstyled\" data-block-weight=\"19\">\n<p class=\"content-text__container \" data-track-category=\"Link no Texto\" data-track-links=\"\">Esse artigo, segundo a pr\u00f3pria Constitui\u00e7\u00e3o, n\u00e3o pode ser modificado por emenda aprovada pelo Congresso por ser &#8220;cl\u00e1usula p\u00e9trea&#8221;.<\/p>\n<\/div>\n<\/div>\n<\/div>\n<p data-track-category=\"Link no Texto\" data-track-links=\"\">\n<p data-track-category=\"Link no Texto\" data-track-links=\"\">G1<\/p>\n","protected":false},"excerpt":{"rendered":"<p>O presidente do Supremo Tribunal Federal (STF), Dias Toffoli, derrubou nesta quarta-feira (19) a decis\u00e3o do ministro Marco Aur\u00e9lio Mello sobre presos condenados em segunda&hellip; <\/p>\n","protected":false},"author":1,"featured_media":71113,"comment_status":"closed","ping_status":"closed","sticky":false,"template":"","format":"standard","meta":{"sfsi_plus_gutenberg_text_before_share":"","sfsi_plus_gutenberg_show_text_before_share":"","sfsi_plus_gutenberg_icon_type":"","sfsi_plus_gutenberg_icon_alignemt":"","sfsi_plus_gutenburg_max_per_row":"","footnotes":""},"categories":[50,11],"tags":[],"class_list":["post-77412","post","type-post","status-publish","format-standard","has-post-thumbnail","hentry","category-destaque","category-politica"],"_links":{"self":[{"href":"https:\/\/www.caririemacao.com\/1\/wp-json\/wp\/v2\/posts\/77412","targetHints":{"allow":["GET"]}}],"collection":[{"href":"https:\/\/www.caririemacao.com\/1\/wp-json\/wp\/v2\/posts"}],"about":[{"href":"https:\/\/www.caririemacao.com\/1\/wp-json\/wp\/v2\/types\/post"}],"author":[{"embeddable":true,"href":"https:\/\/www.caririemacao.com\/1\/wp-json\/wp\/v2\/users\/1"}],"replies":[{"embeddable":true,"href":"https:\/\/www.caririemacao.com\/1\/wp-json\/wp\/v2\/comments?post=77412"}],"version-history":[{"count":1,"href":"https:\/\/www.caririemacao.com\/1\/wp-json\/wp\/v2\/posts\/77412\/revisions"}],"predecessor-version":[{"id":77413,"href":"https:\/\/www.caririemacao.com\/1\/wp-json\/wp\/v2\/posts\/77412\/revisions\/77413"}],"wp:featuredmedia":[{"embeddable":true,"href":"https:\/\/www.caririemacao.com\/1\/wp-json\/wp\/v2\/media\/71113"}],"wp:attachment":[{"href":"https:\/\/www.caririemacao.com\/1\/wp-json\/wp\/v2\/media?parent=77412"}],"wp:term":[{"taxonomy":"category","embeddable":true,"href":"https:\/\/www.caririemacao.com\/1\/wp-json\/wp\/v2\/categories?post=77412"},{"taxonomy":"post_tag","embeddable":true,"href":"https:\/\/www.caririemacao.com\/1\/wp-json\/wp\/v2\/tags?post=77412"}],"curies":[{"name":"wp","href":"https:\/\/api.w.org\/{rel}","templated":true}]}}