{"id":77414,"date":"2018-12-19T18:55:29","date_gmt":"2018-12-19T21:55:29","guid":{"rendered":"http:\/\/www.caririemacao.com\/1\/?p=77414"},"modified":"2018-12-19T18:55:29","modified_gmt":"2018-12-19T21:55:29","slug":"dodge-denuncia-michel-temer-ao-supremo-no-caso-dos-portos","status":"publish","type":"post","link":"https:\/\/www.caririemacao.com\/1\/2018\/12\/19\/dodge-denuncia-michel-temer-ao-supremo-no-caso-dos-portos\/","title":{"rendered":"Dodge denuncia Michel Temer ao Supremo no caso dos portos"},"content":{"rendered":"<p>A procuradora-geral da Rep\u00fablica, Raquel Dodge, denunciou nesta quarta-feira (19) o presidente da Rep\u00fablica, Michel Temer, no inqu\u00e9rito dos portos. A acusa\u00e7\u00e3o criminal foi apresentada no \u00faltimo dia antes do recesso do Judici\u00e1rio, que come\u00e7a nesta quarta (20).<\/p>\n<div class=\"wall protected-content\">\n<div data-track-category=\"fim do conteudo\" data-track-action=\"ultimo chunk conteudo\" data-track-noninteraction=\"false\" data-track-scroll=\"entrada completa viewport\">\n<div class=\"mc-column content-text active-extra-styles \" data-block-type=\"unstyled\" data-block-weight=\"37\">\n<p class=\"content-text__container \" data-track-category=\"Link no Texto\" data-track-links=\"\">Em 16 de outubro, a Pol\u00edcia Federal informou ao Supremo ter encontrado ind\u00edcios de que Temer e mais dez pessoas integraram um suposto esquema para favorecer empresas espec\u00edficas na edi\u00e7\u00e3o de um decreto sobre o setor portu\u00e1rio.<\/p>\n<\/div>\n<\/div>\n<\/div>\n<p data-track-category=\"Link no Texto\" data-track-links=\"\">\n<p data-track-category=\"Link no Texto\" data-track-links=\"\">G1<\/p>\n","protected":false},"excerpt":{"rendered":"<p>A procuradora-geral da Rep\u00fablica, Raquel Dodge, denunciou nesta quarta-feira (19) o presidente da Rep\u00fablica, Michel Temer, no inqu\u00e9rito dos portos. A acusa\u00e7\u00e3o criminal foi apresentada&hellip; <\/p>\n","protected":false},"author":1,"featured_media":28506,"comment_status":"closed","ping_status":"closed","sticky":false,"template":"","format":"standard","meta":{"sfsi_plus_gutenberg_text_before_share":"","sfsi_plus_gutenberg_show_text_before_share":"","sfsi_plus_gutenberg_icon_type":"","sfsi_plus_gutenberg_icon_alignemt":"","sfsi_plus_gutenburg_max_per_row":"","footnotes":""},"categories":[11],"tags":[],"class_list":["post-77414","post","type-post","status-publish","format-standard","has-post-thumbnail","hentry","category-politica"],"_links":{"self":[{"href":"https:\/\/www.caririemacao.com\/1\/wp-json\/wp\/v2\/posts\/77414","targetHints":{"allow":["GET"]}}],"collection":[{"href":"https:\/\/www.caririemacao.com\/1\/wp-json\/wp\/v2\/posts"}],"about":[{"href":"https:\/\/www.caririemacao.com\/1\/wp-json\/wp\/v2\/types\/post"}],"author":[{"embeddable":true,"href":"https:\/\/www.caririemacao.com\/1\/wp-json\/wp\/v2\/users\/1"}],"replies":[{"embeddable":true,"href":"https:\/\/www.caririemacao.com\/1\/wp-json\/wp\/v2\/comments?post=77414"}],"version-history":[{"count":1,"href":"https:\/\/www.caririemacao.com\/1\/wp-json\/wp\/v2\/posts\/77414\/revisions"}],"predecessor-version":[{"id":77415,"href":"https:\/\/www.caririemacao.com\/1\/wp-json\/wp\/v2\/posts\/77414\/revisions\/77415"}],"wp:featuredmedia":[{"embeddable":true,"href":"https:\/\/www.caririemacao.com\/1\/wp-json\/wp\/v2\/media\/28506"}],"wp:attachment":[{"href":"https:\/\/www.caririemacao.com\/1\/wp-json\/wp\/v2\/media?parent=77414"}],"wp:term":[{"taxonomy":"category","embeddable":true,"href":"https:\/\/www.caririemacao.com\/1\/wp-json\/wp\/v2\/categories?post=77414"},{"taxonomy":"post_tag","embeddable":true,"href":"https:\/\/www.caririemacao.com\/1\/wp-json\/wp\/v2\/tags?post=77414"}],"curies":[{"name":"wp","href":"https:\/\/api.w.org\/{rel}","templated":true}]}}