{"id":77423,"date":"2018-12-19T21:02:38","date_gmt":"2018-12-20T00:02:38","guid":{"rendered":"http:\/\/www.caririemacao.com\/1\/?p=77423"},"modified":"2018-12-19T21:02:38","modified_gmt":"2018-12-20T00:02:38","slug":"veja-programacao-da-festa-de-sao-sebastiao-2019-em-s-s-do-umbuzeiro","status":"publish","type":"post","link":"https:\/\/www.caririemacao.com\/1\/2018\/12\/19\/veja-programacao-da-festa-de-sao-sebastiao-2019-em-s-s-do-umbuzeiro\/","title":{"rendered":"Veja Programa\u00e7\u00e3o da Festa de S\u00e3o Sebasti\u00e3o 2019 em S.S. do Umbuzeiro"},"content":{"rendered":"<p>Em um tradicional e movimentado evento foram anunciadas na noite desta sexta feira (30), todas as atra\u00e7\u00f5es que v\u00e3o fazer parte da programa\u00e7\u00e3o social da festa de S\u00e3o Sebasti\u00e3o do Umbuzeiro em Janeiro.<\/p>\n<p>Um grande publico compareceu ao evento que foi coordenado pela comiss\u00e3o organizadora, e que contou al\u00e9m do an\u00fancio das atra\u00e7\u00f5es, com leil\u00e3o e m\u00fasica ao vivo.<\/p>\n<p>Estiveram presentes tamb\u00e9m, o prefeito Adriano Wolff, a primeira dama Melina, o vice prefeito Chico de Mariano e fam\u00edlia, o ex prefeito Chico Neves e fam\u00edlia, secret\u00e1rios municipais, vereadores \u00e0 exemplo de C\u00edcero Lira, Celinha e Jailson e os noiteiros da programa\u00e7\u00e3o e fam\u00edlias.<\/p>\n<p>A programa\u00e7\u00e3o completa de atra\u00e7\u00f5es musicais ser\u00e1 a seguinte:<\/p>\n<ul>\n<li>\u00a0 \u00a0 \u00a0<strong>Dia 11- Noiteiros: Pap\u00e1, Ir\u00eanio e fam\u00edlia. Noite do ter\u00e7o dos Homens;<\/strong>Laerte Lins e Banda Pegada Segura.<\/li>\n<li><strong>Dia 12- Noiteiros: Milton Neves e fam\u00edlia. Noite dedicada ao Coral Alegria;<\/strong>\u00a0Claudenir Fernandes, Vitinho do Acordeon, Banda Amor Falso e Davi Louren\u00e7o.<\/li>\n<li><strong>Dia 13- Noiteiros: Chico Neves e fam\u00edlia. Noite dedicada ao Apostolado da Ora\u00e7\u00e3o;<\/strong>\u00a0Banda Dimeliora e Forr\u00f3 das Amigas.<\/li>\n<li><strong>Dia 14- Noiteiros: Telinha, filhos e netos de Odete e Salete Pereira. Noite dedicada aos esportistas e motoristas;<\/strong>\u00a0Banda Som\u00a0<a href=\"http:\/\/livre.com\/\">Livre.com<\/a>\u00a0e Ivo Moura e<strong>\u00a0o incompar\u00e1vel Bigode de Caruaru<\/strong>.<\/li>\n<li><strong>Dia 15- Noiteiros: Fam\u00edlia Feitosa. Noite dedicada ao Grupo da Melhor Idade;<\/strong>\u00a0Guilherme do Forr\u00f3 Topado e mais uma atra\u00e7\u00e3o a definir.<\/li>\n<li><strong>Dia 16- Noiteiros: Chico de Mariano e fam\u00edlia. Noite dedicada aos vaqueiros;<\/strong>\u00a0\u00a0Lulinha Vaqueiro e Farra da Galega.<\/li>\n<li><strong>Dia 17- Noiteiros: Fam\u00edlia Costa. Noite dedicada aos casais;<\/strong>\u00a0Nanara Bello e Laerte Lins.<\/li>\n<li><strong>Dia 18- Noiteiros: Anailton e fam\u00edlia; Z\u00e9 Paulo e familia. Noite dedicada \u00e0 M\u00e3e Rainha;<\/strong>Suelen Fernandes, Forr\u00f3 Top e Farra 1000.<\/li>\n<li><strong>Dia 19- Noite dedicada ao funcionalismo p\u00fablico. Realiza\u00e7\u00e3o da Prefeitura municipal;<\/strong>Ot\u00e1vio do Acordeon, Gil Mendes e Ciel Rodrigues (no palco alternativo: Equipe Marcos Som e luz Dance).<\/li>\n<li><strong>Dia 20- Noite dedicada \u00e0 toda a comunidade umuzeirense. Realiza\u00e7\u00e3o da comiss\u00e3o organizadora da festa;<\/strong>\u00a0Ronaldo Rossi, o Cover de Reginaldo Rossi e Claudenir Fernandes em ritmo de seresta.<\/li>\n<\/ul>\n<p>Um dos presidentes da festa 2019, Milton Didi agradeceu o empenho de todos e pediu para que houvesse uni\u00e3o da comunidade umbuzeirense em prol de enaltecer o tamanho da festa e sua import\u00e2ncia para a comunidade local.<\/p>\n<p>J\u00e1 o prefeito Adriano Wolff afirmou que \u00e9 um evento realizado dentro das possibilidades atuais e do momento financeiro que o pa\u00eds vive, mas que continua mantendo a tradi\u00e7\u00e3o de ser o momento mais aguardado pela comunidade umbuzeirense, tanto a comunidade cat\u00f3lica, quanto a popula\u00e7\u00e3o local, e ainda os umbuzeirenses ausentes e distantes que fazem quest\u00e3o e fazem todos os esfor\u00e7os para estarem em sua terra natal neste per\u00edodo.<\/p>\n<div id=\"quads-ad1\" class=\"quads-location quads-ad1\"><\/div>\n","protected":false},"excerpt":{"rendered":"<p>Em um tradicional e movimentado evento foram anunciadas na noite desta sexta feira (30), todas as atra\u00e7\u00f5es que v\u00e3o fazer parte da programa\u00e7\u00e3o social da&hellip; <\/p>\n","protected":false},"author":1,"featured_media":77424,"comment_status":"closed","ping_status":"closed","sticky":false,"template":"","format":"standard","meta":{"sfsi_plus_gutenberg_text_before_share":"","sfsi_plus_gutenberg_show_text_before_share":"","sfsi_plus_gutenberg_icon_type":"","sfsi_plus_gutenberg_icon_alignemt":"","sfsi_plus_gutenburg_max_per_row":"","footnotes":""},"categories":[6],"tags":[],"class_list":["post-77423","post","type-post","status-publish","format-standard","has-post-thumbnail","hentry","category-cidades"],"_links":{"self":[{"href":"https:\/\/www.caririemacao.com\/1\/wp-json\/wp\/v2\/posts\/77423","targetHints":{"allow":["GET"]}}],"collection":[{"href":"https:\/\/www.caririemacao.com\/1\/wp-json\/wp\/v2\/posts"}],"about":[{"href":"https:\/\/www.caririemacao.com\/1\/wp-json\/wp\/v2\/types\/post"}],"author":[{"embeddable":true,"href":"https:\/\/www.caririemacao.com\/1\/wp-json\/wp\/v2\/users\/1"}],"replies":[{"embeddable":true,"href":"https:\/\/www.caririemacao.com\/1\/wp-json\/wp\/v2\/comments?post=77423"}],"version-history":[{"count":1,"href":"https:\/\/www.caririemacao.com\/1\/wp-json\/wp\/v2\/posts\/77423\/revisions"}],"predecessor-version":[{"id":77425,"href":"https:\/\/www.caririemacao.com\/1\/wp-json\/wp\/v2\/posts\/77423\/revisions\/77425"}],"wp:featuredmedia":[{"embeddable":true,"href":"https:\/\/www.caririemacao.com\/1\/wp-json\/wp\/v2\/media\/77424"}],"wp:attachment":[{"href":"https:\/\/www.caririemacao.com\/1\/wp-json\/wp\/v2\/media?parent=77423"}],"wp:term":[{"taxonomy":"category","embeddable":true,"href":"https:\/\/www.caririemacao.com\/1\/wp-json\/wp\/v2\/categories?post=77423"},{"taxonomy":"post_tag","embeddable":true,"href":"https:\/\/www.caririemacao.com\/1\/wp-json\/wp\/v2\/tags?post=77423"}],"curies":[{"name":"wp","href":"https:\/\/api.w.org\/{rel}","templated":true}]}}