{"id":77426,"date":"2018-12-19T21:05:37","date_gmt":"2018-12-20T00:05:37","guid":{"rendered":"http:\/\/www.caririemacao.com\/1\/?p=77426"},"modified":"2018-12-19T21:05:37","modified_gmt":"2018-12-20T00:05:37","slug":"vovo-monteirense-e-sucesso-nas-redes-sociais-aos-97-anos","status":"publish","type":"post","link":"https:\/\/www.caririemacao.com\/1\/2018\/12\/19\/vovo-monteirense-e-sucesso-nas-redes-sociais-aos-97-anos\/","title":{"rendered":"Vov\u00f3 monteirense \u00e9 sucesso nas redes sociais aos 97 anos"},"content":{"rendered":"<p class=\"has-drop-cap\">Uma senhora de 97 anos do munic\u00edpio de Monteiro, a 300 km da Capital Paraibana Jo\u00e3o Pessoa, \u00e9 sucesso nas redes sociais, com v\u00eddeos em seu perfil na rede social Instagram.<\/p>\n<p>Maria Cota da Silva, ou simplesmente \u201c<a href=\"https:\/\/www.instagram.com\/cotinhashow\/\"><strong>Cotinha Show<\/strong><\/a>\u201d como \u00e9 conhecida em seu perfil no Instagram, j\u00e1 alcan\u00e7ou mais de 20 mil seguidores, que interagem em seus ao vivo quase todas as manh\u00e3s. Os v\u00eddeos de\u00a0<a href=\"https:\/\/www.instagram.com\/cotinhashow\/\">Cotinha Show<\/a>, j\u00e1 foram destaque na\u00a0<strong>Rede TV<\/strong>, no quadro ZAP ZAP: HORA DE RIR COM A FAM\u00cdLIA.<\/p>\n<p>Dona Maria Cota da Silva, \u00e9 m\u00e3e de 4 filhas e 1 filho. Ela mora com sua filha Maria Lindalva da silva 63 anos. Seu neto Iury Leonardo da Silva 28 anos, \u00e9 quem realiza os v\u00eddeos e faz os ao vivo de\u00a0<a href=\"https:\/\/www.instagram.com\/cotinhashow\/\">Cotinha Show<\/a>.<\/p>\n<p>Seus mais de 22 mil seguidores, est\u00e3o espalhados por todos os estados e sempre deixam mensagem e interagem em seus v\u00eddeos. Aos 97 anos, CotinhaShow, brinca e se diverte nas transmiss\u00f5es enquanto toma seu caf\u00e9 da manh\u00e3, quando recebe o dinheiro da sua aposentadoria a vov\u00f3 mostra que est\u00e1 lucida e divide o dinheiro das despesas do m\u00eas.<\/p>\n<p>&nbsp;<\/p>\n<p>TV CARIRI<\/p>\n","protected":false},"excerpt":{"rendered":"<p>Uma senhora de 97 anos do munic\u00edpio de Monteiro, a 300 km da Capital Paraibana Jo\u00e3o Pessoa, \u00e9 sucesso nas redes sociais, com v\u00eddeos em&hellip; <\/p>\n","protected":false},"author":1,"featured_media":77427,"comment_status":"closed","ping_status":"closed","sticky":false,"template":"","format":"standard","meta":{"sfsi_plus_gutenberg_text_before_share":"","sfsi_plus_gutenberg_show_text_before_share":"","sfsi_plus_gutenberg_icon_type":"","sfsi_plus_gutenberg_icon_alignemt":"","sfsi_plus_gutenburg_max_per_row":"","footnotes":""},"categories":[2],"tags":[],"class_list":["post-77426","post","type-post","status-publish","format-standard","has-post-thumbnail","hentry","category-geral"],"_links":{"self":[{"href":"https:\/\/www.caririemacao.com\/1\/wp-json\/wp\/v2\/posts\/77426","targetHints":{"allow":["GET"]}}],"collection":[{"href":"https:\/\/www.caririemacao.com\/1\/wp-json\/wp\/v2\/posts"}],"about":[{"href":"https:\/\/www.caririemacao.com\/1\/wp-json\/wp\/v2\/types\/post"}],"author":[{"embeddable":true,"href":"https:\/\/www.caririemacao.com\/1\/wp-json\/wp\/v2\/users\/1"}],"replies":[{"embeddable":true,"href":"https:\/\/www.caririemacao.com\/1\/wp-json\/wp\/v2\/comments?post=77426"}],"version-history":[{"count":1,"href":"https:\/\/www.caririemacao.com\/1\/wp-json\/wp\/v2\/posts\/77426\/revisions"}],"predecessor-version":[{"id":77428,"href":"https:\/\/www.caririemacao.com\/1\/wp-json\/wp\/v2\/posts\/77426\/revisions\/77428"}],"wp:featuredmedia":[{"embeddable":true,"href":"https:\/\/www.caririemacao.com\/1\/wp-json\/wp\/v2\/media\/77427"}],"wp:attachment":[{"href":"https:\/\/www.caririemacao.com\/1\/wp-json\/wp\/v2\/media?parent=77426"}],"wp:term":[{"taxonomy":"category","embeddable":true,"href":"https:\/\/www.caririemacao.com\/1\/wp-json\/wp\/v2\/categories?post=77426"},{"taxonomy":"post_tag","embeddable":true,"href":"https:\/\/www.caririemacao.com\/1\/wp-json\/wp\/v2\/tags?post=77426"}],"curies":[{"name":"wp","href":"https:\/\/api.w.org\/{rel}","templated":true}]}}