{"id":77438,"date":"2018-12-20T08:04:18","date_gmt":"2018-12-20T11:04:18","guid":{"rendered":"http:\/\/www.caririemacao.com\/1\/?p=77438"},"modified":"2018-12-20T08:04:18","modified_gmt":"2018-12-20T11:04:18","slug":"defesa-de-lula-recorre-para-que-liminar-de-marco-aurelio-seja-cumprida","status":"publish","type":"post","link":"https:\/\/www.caririemacao.com\/1\/2018\/12\/20\/defesa-de-lula-recorre-para-que-liminar-de-marco-aurelio-seja-cumprida\/","title":{"rendered":"Defesa de Lula recorre para que liminar de Marco Aur\u00e9lio seja cumprida"},"content":{"rendered":"<p>A defesa do ex-presidente Luiz In\u00e1cio Lula da Silva recorreu ao Supremo Tribunal Federal (STF) para que a decis\u00e3o que determinou a soltura de todos os presos condenados em segunda inst\u00e2ncia da Justi\u00e7a seja aplicada.<\/p>\n<p>A peti\u00e7\u00e3o foi protocolada ap\u00f3s a liminar do presidente do Supremo, Dias Toffoli, que suspendeu a decis\u00e3o de Marco Aur\u00e9lio, relator do caso, que autorizou as solturas. Em raz\u00e3o do per\u00edodo de recesso na Corte, o pedido tamb\u00e9m ser\u00e1 analisado pelo presidente.<\/p>\n<p>Segundo os advogados, a liminar n\u00e3o poderia ter sido revogada. &#8220;Em raz\u00e3o do descabimento de suspens\u00e3o liminar em a\u00e7\u00f5es de abstrato de constitucionalidade, conforme in\u00fameros precedentes da Corte, requer-se seja reafirmada a compet\u00eancia de Vossa Excel\u00eancia, eminente Relator da ADC n\u00ba 54\/DF, para analisar o pedido de alvar\u00e1 de soltura do Peticion\u00e1rio [Lula]&#8221;, diz a defesa.<\/p>\n<p>Mais cedo, a ju\u00edza federal Carolina Lebbos, da 12\u00aa Vara Federal em Curitiba, pediu parecer do Minist\u00e9rio P\u00fablico Federal (MPF) e adiou decis\u00e3o sobre outro pedido de liberdade feito pela defesa de Lula com base na decis\u00e3o de Marco Aur\u00e9lio.<\/p>\n","protected":false},"excerpt":{"rendered":"<p>A defesa do ex-presidente Luiz In\u00e1cio Lula da Silva recorreu ao Supremo Tribunal Federal (STF) para que a decis\u00e3o que determinou a soltura de todos&hellip; <\/p>\n","protected":false},"author":1,"featured_media":45002,"comment_status":"closed","ping_status":"closed","sticky":false,"template":"","format":"standard","meta":{"sfsi_plus_gutenberg_text_before_share":"","sfsi_plus_gutenberg_show_text_before_share":"","sfsi_plus_gutenberg_icon_type":"","sfsi_plus_gutenberg_icon_alignemt":"","sfsi_plus_gutenburg_max_per_row":"","footnotes":""},"categories":[11],"tags":[],"class_list":["post-77438","post","type-post","status-publish","format-standard","has-post-thumbnail","hentry","category-politica"],"_links":{"self":[{"href":"https:\/\/www.caririemacao.com\/1\/wp-json\/wp\/v2\/posts\/77438","targetHints":{"allow":["GET"]}}],"collection":[{"href":"https:\/\/www.caririemacao.com\/1\/wp-json\/wp\/v2\/posts"}],"about":[{"href":"https:\/\/www.caririemacao.com\/1\/wp-json\/wp\/v2\/types\/post"}],"author":[{"embeddable":true,"href":"https:\/\/www.caririemacao.com\/1\/wp-json\/wp\/v2\/users\/1"}],"replies":[{"embeddable":true,"href":"https:\/\/www.caririemacao.com\/1\/wp-json\/wp\/v2\/comments?post=77438"}],"version-history":[{"count":1,"href":"https:\/\/www.caririemacao.com\/1\/wp-json\/wp\/v2\/posts\/77438\/revisions"}],"predecessor-version":[{"id":77439,"href":"https:\/\/www.caririemacao.com\/1\/wp-json\/wp\/v2\/posts\/77438\/revisions\/77439"}],"wp:featuredmedia":[{"embeddable":true,"href":"https:\/\/www.caririemacao.com\/1\/wp-json\/wp\/v2\/media\/45002"}],"wp:attachment":[{"href":"https:\/\/www.caririemacao.com\/1\/wp-json\/wp\/v2\/media?parent=77438"}],"wp:term":[{"taxonomy":"category","embeddable":true,"href":"https:\/\/www.caririemacao.com\/1\/wp-json\/wp\/v2\/categories?post=77438"},{"taxonomy":"post_tag","embeddable":true,"href":"https:\/\/www.caririemacao.com\/1\/wp-json\/wp\/v2\/tags?post=77438"}],"curies":[{"name":"wp","href":"https:\/\/api.w.org\/{rel}","templated":true}]}}