{"id":77442,"date":"2018-12-20T08:45:52","date_gmt":"2018-12-20T11:45:52","guid":{"rendered":"http:\/\/www.caririemacao.com\/1\/?p=77442"},"modified":"2018-12-20T08:45:52","modified_gmt":"2018-12-20T11:45:52","slug":"coordenacao-da-copa-cariri-integracao-de-futebol-define-calendario-esportivo-para-2019","status":"publish","type":"post","link":"https:\/\/www.caririemacao.com\/1\/2018\/12\/20\/coordenacao-da-copa-cariri-integracao-de-futebol-define-calendario-esportivo-para-2019\/","title":{"rendered":"Coordena\u00e7\u00e3o da Copa Cariri Integra\u00e7\u00e3o de Futebol define calend\u00e1rio esportivo para 2019"},"content":{"rendered":"<div class=\"td-pb-row\">\n<div class=\"td-pb-span12\">\n<div class=\"td-post-header\">\n<div class=\"td-post-sharing-top\">\n<div id=\"td_social_sharing_article_top\" class=\"td-post-sharing td-ps-bg td-ps-notext td-post-sharing-style1 \">\n<div class=\"td-post-sharing-visible\">\n<div class=\"td-social-sharing-button td-social-sharing-button-js td-social-handler td-social-share-text\">\n<div class=\"td-social-but-text\"><img fetchpriority=\"high\" decoding=\"async\" class=\"size-medium wp-image-26344 alignleft\" src=\"http:\/\/www.vitrinedocariri.com.br\/wp-content\/uploads\/2018\/11\/futebol-730x489-300x201.jpg\" alt=\"\" width=\"300\" height=\"201\" \/>A Coordena\u00e7\u00e3o da Copa Cariri Integra\u00e7\u00e3o de Futebol divulgou nesta ter\u00e7a-feira(19), o cronograma de atividades relacionadas ao certame. O coordenador Fl\u00e1vio Leonardo publicou atrav\u00e9s das redes sociais, o calend\u00e1rio esportivo de um das maiores competi\u00e7\u00f5es de futebol amador do estado da Para\u00edba.<\/div>\n<\/div>\n<\/div>\n<\/div>\n<\/div>\n<\/div>\n<\/div>\n<\/div>\n<div class=\"td-pb-row\">\n<div class=\"td-pb-span8 td-main-content\" role=\"main\">\n<div class=\"td-ss-main-content\">\n<div class=\"td-post-content\">\n<p>A competi\u00e7\u00e3o que chegar\u00e1 para a sua 8\u00aa edi\u00e7\u00e3o e mais uma vez contar\u00e1 com a participa\u00e7\u00e3o das principais agremia\u00e7\u00f5es esportivas de futebol do cariri paraibano.<\/p>\n<p>A competi\u00e7\u00e3o ter\u00e1 in\u00edcio no dia 26 de janeiro 2019, com a realiza\u00e7\u00e3o do 1\u00ba Congresso T\u00e9cnico da competi\u00e7\u00e3o na cidade de Cabaceiras, e com final j\u00e1 pr\u00e9 definido pela coordena\u00e7\u00e3o, para o dia 06 de Julho de 2019.<\/p>\n<p>\u201cA Copa integra\u00e7\u00e3o de Futebol sempre preza pelo planejamento e transpar\u00eancia com o esporte do nosso cariri, sempre estabelecemos com muita anteced\u00eancia o calend\u00e1rio da competi\u00e7\u00e3o, para que as equipes participantes e todos os envolvidos, possam ter tempo para se planejarem dentro de cada calend\u00e1rio e viv\u00eancia de cada munic\u00edpio por equipe representada. A cada ano a Copa Integra\u00e7\u00e3o cresce e j\u00e1 entrou definitivamente no calend\u00e1rio esportivo do cariri paraibano\u201d, destacou Fl\u00e1vio Leonardo, coordenador da Copa Integra\u00e7\u00e3o de Futebol.<\/p>\n<p>Confira na \u00edntegra o calend\u00e1rio esportivo 2019 da Copa Cariri Integra\u00e7\u00e3o de Futebol:<\/p>\n<p><strong>1\u00ba CONGRESSO T\u00c9CNICO \u2013 DIA 26.01.2018<\/strong><\/p>\n<p>\u00c1S 9H DA MANHA NA CIDADE DE CABACEIRAS.<\/p>\n<p>ASSUNTO. APRESENTA\u00c7\u00c3O DO REGULAMENTO 2019 E ETC.<\/p>\n<p><strong>2\u00ba CONGRESSO T\u00c9CNICO \u2013 DIA 23. 02. 2019<\/strong><\/p>\n<p>\u00c1S 9H, CIDADE AINDA A CONFIRMAR.<\/p>\n<p>ASSUNTO: CONFIRMA\u00c7\u00c3O DAS EQUIPES E ENTREGA DA<\/p>\n<p>FICHA DA EQUIPE E DE ATLETAS E SORTEIO DAS CHAVES COM PRIMEIROS JOGOS.<\/p>\n<p><strong>3 \u00ba CONGRESSO T\u00c9CNICO \u2013 DIA 23.03.2019\u00a0<\/strong><\/p>\n<p>\u00c1S 9H, AJUSTE DAS EQUIPES COM SEUS ATLETAS JUNTO A COORDENA\u00c7\u00c3O<\/p>\n<p><strong>DIA 30.03.2019 \u2013 PUBLICA\u00c7\u00c3O DO BOLETIM DE INFORMA\u00c7\u00c3O DO ATLETA<\/strong><\/p>\n<p><strong>DIA 06.04.2019 \u2013 INICIO DA COMPETI\u00c7\u00c3O. JOGOS DE ABERTURA<\/strong><\/p>\n<p><strong>DIA 07.04.2019 \u2013 CONTINUIDADE DA 1\u00aa RODADA DA COPA<\/strong><\/p>\n<p><strong>DIA 06.07.2019 \u2013 PREVIS\u00c3O DE ENCERRAMENTO DA COPA COM OS JOGOS DE DECIS\u00c3O<\/strong><\/p>\n<p><em>Com Cariri Esporte<\/em><\/p>\n<\/div>\n<\/div>\n<\/div>\n<\/div>\n","protected":false},"excerpt":{"rendered":"<p>A Coordena\u00e7\u00e3o da Copa Cariri Integra\u00e7\u00e3o de Futebol divulgou nesta ter\u00e7a-feira(19), o cronograma de atividades relacionadas ao certame. O coordenador Fl\u00e1vio Leonardo publicou atrav\u00e9s das&hellip; <\/p>\n","protected":false},"author":1,"featured_media":20685,"comment_status":"closed","ping_status":"closed","sticky":false,"template":"","format":"standard","meta":{"sfsi_plus_gutenberg_text_before_share":"","sfsi_plus_gutenberg_show_text_before_share":"","sfsi_plus_gutenberg_icon_type":"","sfsi_plus_gutenberg_icon_alignemt":"","sfsi_plus_gutenburg_max_per_row":"","footnotes":""},"categories":[13],"tags":[],"class_list":["post-77442","post","type-post","status-publish","format-standard","has-post-thumbnail","hentry","category-esportes"],"_links":{"self":[{"href":"https:\/\/www.caririemacao.com\/1\/wp-json\/wp\/v2\/posts\/77442","targetHints":{"allow":["GET"]}}],"collection":[{"href":"https:\/\/www.caririemacao.com\/1\/wp-json\/wp\/v2\/posts"}],"about":[{"href":"https:\/\/www.caririemacao.com\/1\/wp-json\/wp\/v2\/types\/post"}],"author":[{"embeddable":true,"href":"https:\/\/www.caririemacao.com\/1\/wp-json\/wp\/v2\/users\/1"}],"replies":[{"embeddable":true,"href":"https:\/\/www.caririemacao.com\/1\/wp-json\/wp\/v2\/comments?post=77442"}],"version-history":[{"count":1,"href":"https:\/\/www.caririemacao.com\/1\/wp-json\/wp\/v2\/posts\/77442\/revisions"}],"predecessor-version":[{"id":77443,"href":"https:\/\/www.caririemacao.com\/1\/wp-json\/wp\/v2\/posts\/77442\/revisions\/77443"}],"wp:featuredmedia":[{"embeddable":true,"href":"https:\/\/www.caririemacao.com\/1\/wp-json\/wp\/v2\/media\/20685"}],"wp:attachment":[{"href":"https:\/\/www.caririemacao.com\/1\/wp-json\/wp\/v2\/media?parent=77442"}],"wp:term":[{"taxonomy":"category","embeddable":true,"href":"https:\/\/www.caririemacao.com\/1\/wp-json\/wp\/v2\/categories?post=77442"},{"taxonomy":"post_tag","embeddable":true,"href":"https:\/\/www.caririemacao.com\/1\/wp-json\/wp\/v2\/tags?post=77442"}],"curies":[{"name":"wp","href":"https:\/\/api.w.org\/{rel}","templated":true}]}}