{"id":77445,"date":"2018-12-20T08:50:22","date_gmt":"2018-12-20T11:50:22","guid":{"rendered":"http:\/\/www.caririemacao.com\/1\/?p=77445"},"modified":"2018-12-20T08:50:22","modified_gmt":"2018-12-20T11:50:22","slug":"aniversario-de-57-anos-de-gurjao-tem-mara-pavanelly-dia-02-de-janeiro-de-2019","status":"publish","type":"post","link":"https:\/\/www.caririemacao.com\/1\/2018\/12\/20\/aniversario-de-57-anos-de-gurjao-tem-mara-pavanelly-dia-02-de-janeiro-de-2019\/","title":{"rendered":"Anivers\u00e1rio de 57 anos de Gurj\u00e3o tem Mara Pavanelly dia 02 de janeiro de 2019"},"content":{"rendered":"<p class=\"has-drop-cap\">O prefeito de Gurj\u00e3o, Ronaldo Queiroz, revelou a programa\u00e7\u00e3o de anivers\u00e1rio de 57 anos de Gurj\u00e3o, que acontecer\u00e1 no dia 02 de janeiro de 2019.<\/p>\n<p>Segundo o gestor, a programa\u00e7\u00e3o contar\u00e1 com a entrega da reforma do Centro Administrativo Petr\u00f4nio Matias Medeiros, entrega de ve\u00edculos, um caminh\u00e3o atrav\u00e9s do Procase, a Casa do Artes\u00e3o em parceria com o Governo do Estado e a noite um show em pra\u00e7a p\u00fablica, com apresenta\u00e7\u00e3o da cantora\u00a0<strong>Mara Pavanelly<\/strong>.<\/p>\n","protected":false},"excerpt":{"rendered":"<p>O prefeito de Gurj\u00e3o, Ronaldo Queiroz, revelou a programa\u00e7\u00e3o de anivers\u00e1rio de 57 anos de Gurj\u00e3o, que acontecer\u00e1 no dia 02 de janeiro de 2019.&hellip; <\/p>\n","protected":false},"author":1,"featured_media":77446,"comment_status":"closed","ping_status":"closed","sticky":false,"template":"","format":"standard","meta":{"sfsi_plus_gutenberg_text_before_share":"","sfsi_plus_gutenberg_show_text_before_share":"","sfsi_plus_gutenberg_icon_type":"","sfsi_plus_gutenberg_icon_alignemt":"","sfsi_plus_gutenburg_max_per_row":"","footnotes":""},"categories":[6],"tags":[],"class_list":["post-77445","post","type-post","status-publish","format-standard","has-post-thumbnail","hentry","category-cidades"],"_links":{"self":[{"href":"https:\/\/www.caririemacao.com\/1\/wp-json\/wp\/v2\/posts\/77445","targetHints":{"allow":["GET"]}}],"collection":[{"href":"https:\/\/www.caririemacao.com\/1\/wp-json\/wp\/v2\/posts"}],"about":[{"href":"https:\/\/www.caririemacao.com\/1\/wp-json\/wp\/v2\/types\/post"}],"author":[{"embeddable":true,"href":"https:\/\/www.caririemacao.com\/1\/wp-json\/wp\/v2\/users\/1"}],"replies":[{"embeddable":true,"href":"https:\/\/www.caririemacao.com\/1\/wp-json\/wp\/v2\/comments?post=77445"}],"version-history":[{"count":1,"href":"https:\/\/www.caririemacao.com\/1\/wp-json\/wp\/v2\/posts\/77445\/revisions"}],"predecessor-version":[{"id":77447,"href":"https:\/\/www.caririemacao.com\/1\/wp-json\/wp\/v2\/posts\/77445\/revisions\/77447"}],"wp:featuredmedia":[{"embeddable":true,"href":"https:\/\/www.caririemacao.com\/1\/wp-json\/wp\/v2\/media\/77446"}],"wp:attachment":[{"href":"https:\/\/www.caririemacao.com\/1\/wp-json\/wp\/v2\/media?parent=77445"}],"wp:term":[{"taxonomy":"category","embeddable":true,"href":"https:\/\/www.caririemacao.com\/1\/wp-json\/wp\/v2\/categories?post=77445"},{"taxonomy":"post_tag","embeddable":true,"href":"https:\/\/www.caririemacao.com\/1\/wp-json\/wp\/v2\/tags?post=77445"}],"curies":[{"name":"wp","href":"https:\/\/api.w.org\/{rel}","templated":true}]}}