{"id":77459,"date":"2018-12-20T11:44:58","date_gmt":"2018-12-20T14:44:58","guid":{"rendered":"http:\/\/www.caririemacao.com\/1\/?p=77459"},"modified":"2018-12-20T11:44:58","modified_gmt":"2018-12-20T14:44:58","slug":"projeto-socioambiental-de-reciclagem-feito-pelo-caps-adiii-embeleza-ruas-de-monteiro","status":"publish","type":"post","link":"https:\/\/www.caririemacao.com\/1\/2018\/12\/20\/projeto-socioambiental-de-reciclagem-feito-pelo-caps-adiii-embeleza-ruas-de-monteiro\/","title":{"rendered":"Projeto socioambiental de reciclagem feito pelo CAPS ADIII embeleza ruas de Monteiro"},"content":{"rendered":"<p>O CAPS AD lll dentro de suas atividades, desenvolveu um projeto de reciclagem de pneus com o objetivo de estimular e preservar o meio ambiente. Os pacientes constru\u00edram \u00e1rvores Natalinas durante suas Oficinas Terap\u00eauticas.<\/p>\n<p>Atrav\u00e9s do projeto socioambiental os pacientes do servi\u00e7o juntamente com a equipe de sa\u00fade realizaram a coleta de pneus no lix\u00e3o da cidade. Em seguida realizaram o processo de limpeza do material e deram in\u00edcio a pintura e a montagem dos personagens.<\/p>\n<p>Na semana seguinte, os pacientes fizeram quest\u00e3o de montar e conferir os \u00faltimos detalhes expondo os resultados que ficaram expostos na avenida principal e agora encontram-se na entrada da cidade na Pra\u00e7a Poeta Pinto de Monteiro.<\/p>\n<p>\u201cMontamos e construirmos um sonho de Natal! N\u00f3s fizemos a nossa pr\u00f3pria \u00e1rvore de Natal que \u00e9 resultado da oficina e pode ser observada na entrada da <img fetchpriority=\"high\" decoding=\"async\" class=\"size-medium wp-image-30196 alignleft\" src=\"http:\/\/www.vitrinedocariri.com.br\/wp-content\/uploads\/2018\/12\/Reciclagem_CAPS-AD-III12-225x300.jpeg\" alt=\"\" width=\"225\" height=\"300\" \/>cidade. \u00c9 por meio de pequenos esfor\u00e7os, onde podemos juntos construir um mundo mais limpo e justo\u201d, comentou a diretora do Centro, Marileide Maracaj\u00e1.<\/p>\n<p>Para a diretora do Centro de Aten\u00e7\u00e3o Psicossocial o trabalho que vem sendo desenvolvido ao longo do ano visa o conceito de valoriza\u00e7\u00e3o do territ\u00f3rio bem como o est\u00edmulo \u00e0 criatividade e desta forma inserindo os pacientes \u00e0 conviv\u00eancia social.<\/p>\n<p>\u201cTemos sempre uma fala de amor e de nova perspectiva. Despertamos o desejo de evolu\u00e7\u00e3o em todos os sentidos, seja no tratamento, seja no conv\u00edvio ou at\u00e9 mesmo no trabalho\u201d, conta Marileide.<\/p>\n<p>A diretora ainda lembra que o desenvolvimento do projeto levou tamb\u00e9m para a comunidade mais qualidade de sa\u00fade. Ela explicou que a coleta dos pneus abordou al\u00e9m da educa\u00e7\u00e3o ambiental, os pacientes tamb\u00e9m aprenderam a n\u00e3o manter objetos que favorecem a prolifera\u00e7\u00e3o do mosquito Aedes aegypti, causador da dengue.<\/p>\n<p>Al\u00e9m do projeto de reciclagem de pneus, o CAPS ADIII ainda realiza outros trabalhos de reaproveitamento de res\u00edduos recicl\u00e1veis, como embalagens longa vida e garrafas PET e todos os trabalhos artesanais sempre s\u00e3o expostos ou presenteados nos eventos da entidade.<\/p>\n<hr \/>\n","protected":false},"excerpt":{"rendered":"<p>O CAPS AD lll dentro de suas atividades, desenvolveu um projeto de reciclagem de pneus com o objetivo de estimular e preservar o meio ambiente.&hellip; <\/p>\n","protected":false},"author":1,"featured_media":77460,"comment_status":"closed","ping_status":"closed","sticky":false,"template":"","format":"standard","meta":{"sfsi_plus_gutenberg_text_before_share":"","sfsi_plus_gutenberg_show_text_before_share":"","sfsi_plus_gutenberg_icon_type":"","sfsi_plus_gutenberg_icon_alignemt":"","sfsi_plus_gutenburg_max_per_row":"","footnotes":""},"categories":[2],"tags":[],"class_list":["post-77459","post","type-post","status-publish","format-standard","has-post-thumbnail","hentry","category-geral"],"_links":{"self":[{"href":"https:\/\/www.caririemacao.com\/1\/wp-json\/wp\/v2\/posts\/77459","targetHints":{"allow":["GET"]}}],"collection":[{"href":"https:\/\/www.caririemacao.com\/1\/wp-json\/wp\/v2\/posts"}],"about":[{"href":"https:\/\/www.caririemacao.com\/1\/wp-json\/wp\/v2\/types\/post"}],"author":[{"embeddable":true,"href":"https:\/\/www.caririemacao.com\/1\/wp-json\/wp\/v2\/users\/1"}],"replies":[{"embeddable":true,"href":"https:\/\/www.caririemacao.com\/1\/wp-json\/wp\/v2\/comments?post=77459"}],"version-history":[{"count":1,"href":"https:\/\/www.caririemacao.com\/1\/wp-json\/wp\/v2\/posts\/77459\/revisions"}],"predecessor-version":[{"id":77461,"href":"https:\/\/www.caririemacao.com\/1\/wp-json\/wp\/v2\/posts\/77459\/revisions\/77461"}],"wp:featuredmedia":[{"embeddable":true,"href":"https:\/\/www.caririemacao.com\/1\/wp-json\/wp\/v2\/media\/77460"}],"wp:attachment":[{"href":"https:\/\/www.caririemacao.com\/1\/wp-json\/wp\/v2\/media?parent=77459"}],"wp:term":[{"taxonomy":"category","embeddable":true,"href":"https:\/\/www.caririemacao.com\/1\/wp-json\/wp\/v2\/categories?post=77459"},{"taxonomy":"post_tag","embeddable":true,"href":"https:\/\/www.caririemacao.com\/1\/wp-json\/wp\/v2\/tags?post=77459"}],"curies":[{"name":"wp","href":"https:\/\/api.w.org\/{rel}","templated":true}]}}