{"id":77462,"date":"2018-12-20T11:50:43","date_gmt":"2018-12-20T14:50:43","guid":{"rendered":"http:\/\/www.caririemacao.com\/1\/?p=77462"},"modified":"2018-12-20T11:50:43","modified_gmt":"2018-12-20T14:50:43","slug":"prefeito-reunira-servidores-em-confraternizacao-de-fim-de-ano","status":"publish","type":"post","link":"https:\/\/www.caririemacao.com\/1\/2018\/12\/20\/prefeito-reunira-servidores-em-confraternizacao-de-fim-de-ano\/","title":{"rendered":"PREFEITO REUNIR\u00c1 SERVIDORES EM CONFRATERNIZA\u00c7\u00c3O DE FIM DE ANO"},"content":{"rendered":"<div><\/div>\n<div>A Prefeitura Municipal de Cara\u00fabas estar\u00e1 promovendo no pr\u00f3ximo dia 28 de dezembro no balne\u00e1rio S\u00e3o Jos\u00e9, a confraterniza\u00e7\u00e3o de todos os servidores p\u00fablicos municipal.<\/div>\n<div>De acordo com a assessoria do Gabinete do Prefeito esse momento ser\u00e1 mais um marco da atual gest\u00e3o que estar\u00e1 reunindo todos os servidores municipais, de todas as \u00e1reas e categorias para um momento \u00fanico, o de poder se confraternizar com a gest\u00e3o p\u00fablica municipal.<\/div>\n<div>O prefeito Silvano Dudu afirmou que espera contar com a participa\u00e7\u00e3o de todos os servidores, independente de cor partid\u00e1ria, pois, ser\u00e1 um dia diferente dos demais, onde cada um dever\u00e1 comparecer com o cora\u00e7\u00e3o cheio de bondade para vivenciar o verdadeiro significado deste momento, que \u00e9 o Esp\u00edrito Natalino.<\/div>\n<div>Gostaria muito de poder contar com a presen\u00e7a de todos, pois, ser\u00e1 um momento de lazer e descontra\u00e7\u00e3o, haja vista, que passamos o ano sempre cobrando, exigindo esfor\u00e7os para que a m\u00e1quina p\u00fablica responda aos anseios da sociedade. Portanto, aproveito o momento para mais uma vez convidar todos os servidores, desde o auxiliar de servi\u00e7os ao prefeito, vice-prefeito e demais autoridades, para juntos celebrarmos esse novo momento da administra\u00e7\u00e3o p\u00fablica. Dia 28\/12, a partir das 12h., no balne\u00e1rio S\u00e3o Jos\u00e9, as margens da PB-196, que liga Cara\u00fabas a cidade do Congo, estaremos realizando de forma in\u00e9dita a maior confraterniza\u00e7\u00e3o j\u00e1 feita por uma gest\u00e3o p\u00fablica municipal, finalizou o prefeito.<\/div>\n<div><\/div>\n<div>Fonte:<b> SEPLACOM<\/b><\/div>\n","protected":false},"excerpt":{"rendered":"<p>A Prefeitura Municipal de Cara\u00fabas estar\u00e1 promovendo no pr\u00f3ximo dia 28 de dezembro no balne\u00e1rio S\u00e3o Jos\u00e9, a confraterniza\u00e7\u00e3o de todos os servidores p\u00fablicos municipal.&hellip; <\/p>\n","protected":false},"author":1,"featured_media":72633,"comment_status":"closed","ping_status":"closed","sticky":false,"template":"","format":"standard","meta":{"sfsi_plus_gutenberg_text_before_share":"","sfsi_plus_gutenberg_show_text_before_share":"","sfsi_plus_gutenberg_icon_type":"","sfsi_plus_gutenberg_icon_alignemt":"","sfsi_plus_gutenburg_max_per_row":"","footnotes":""},"categories":[6],"tags":[],"class_list":["post-77462","post","type-post","status-publish","format-standard","has-post-thumbnail","hentry","category-cidades"],"_links":{"self":[{"href":"https:\/\/www.caririemacao.com\/1\/wp-json\/wp\/v2\/posts\/77462","targetHints":{"allow":["GET"]}}],"collection":[{"href":"https:\/\/www.caririemacao.com\/1\/wp-json\/wp\/v2\/posts"}],"about":[{"href":"https:\/\/www.caririemacao.com\/1\/wp-json\/wp\/v2\/types\/post"}],"author":[{"embeddable":true,"href":"https:\/\/www.caririemacao.com\/1\/wp-json\/wp\/v2\/users\/1"}],"replies":[{"embeddable":true,"href":"https:\/\/www.caririemacao.com\/1\/wp-json\/wp\/v2\/comments?post=77462"}],"version-history":[{"count":1,"href":"https:\/\/www.caririemacao.com\/1\/wp-json\/wp\/v2\/posts\/77462\/revisions"}],"predecessor-version":[{"id":77464,"href":"https:\/\/www.caririemacao.com\/1\/wp-json\/wp\/v2\/posts\/77462\/revisions\/77464"}],"wp:featuredmedia":[{"embeddable":true,"href":"https:\/\/www.caririemacao.com\/1\/wp-json\/wp\/v2\/media\/72633"}],"wp:attachment":[{"href":"https:\/\/www.caririemacao.com\/1\/wp-json\/wp\/v2\/media?parent=77462"}],"wp:term":[{"taxonomy":"category","embeddable":true,"href":"https:\/\/www.caririemacao.com\/1\/wp-json\/wp\/v2\/categories?post=77462"},{"taxonomy":"post_tag","embeddable":true,"href":"https:\/\/www.caririemacao.com\/1\/wp-json\/wp\/v2\/tags?post=77462"}],"curies":[{"name":"wp","href":"https:\/\/api.w.org\/{rel}","templated":true}]}}