{"id":77465,"date":"2018-12-20T11:52:27","date_gmt":"2018-12-20T14:52:27","guid":{"rendered":"http:\/\/www.caririemacao.com\/1\/?p=77465"},"modified":"2018-12-20T11:52:27","modified_gmt":"2018-12-20T14:52:27","slug":"prefeitura-de-caraubas-cumpre-prazo-legal-e-paga-a-segunda-parcela-do-decimo-terceiro-salario-dos-servidores-municipais","status":"publish","type":"post","link":"https:\/\/www.caririemacao.com\/1\/2018\/12\/20\/prefeitura-de-caraubas-cumpre-prazo-legal-e-paga-a-segunda-parcela-do-decimo-terceiro-salario-dos-servidores-municipais\/","title":{"rendered":"PREFEITURA DE CARA\u00daBAS CUMPRE PRAZO LEGAL E PAGA A SEGUNDA PARCELA DO D\u00c9CIMO TERCEIRO SAL\u00c1RIO DOS SERVIDORES MUNICIPAIS"},"content":{"rendered":"<div>A Prefeitura Municipal de Cara\u00fabas atrav\u00e9s da Secretaria de Finan\u00e7as creditou na ter\u00e7a-feira, dia 18 e na quarta-feira, dia 19\/12, a segunda parcela do d\u00e9cimo terceiro sal\u00e1rio dos servidores p\u00fablicos municipais referente ao exerc\u00edcio de 2018.<\/div>\n<div>De acordo com o secret\u00e1rio de Finan\u00e7as, Silvio Fernandes, a primeira parcela foi paga no m\u00eas de junho, sem descontos, e a segunda parcela liberamos esta semana cumprindo com os prazos legais de pagar o d\u00e9cimo terceiro sal\u00e1rio at\u00e9 o dia 20\/12 como manda a legisla\u00e7\u00e3o.<\/div>\n<div>Com o pagamento da segunda parcela do d\u00e9cimo, estamos injetando na economia local aproximadamente R$ 200.000,00 (Duzentos Mil Reais) conforme compromisso assumido pelo prefeito Silvano Dudu de quitar com a folha de pessoal dentro dos prazos determinados. O servidor p\u00fablico poder\u00e1 passar um Natal e fim de ano mais tranquilo, pois, ter\u00e3o como quitar seus compromissos pessoais com esse pagamento, afirmou o secret\u00e1rio.<\/div>\n<div>O prefeito Silvano Dudu disse que sua prioridade ser\u00e1 sempre de cumprir com os servidores p\u00fablicos com tudo aquilo que o munic\u00edpio deixou de fazer em gest\u00f5es passadas. Esse foi mais um ano dif\u00edcil e de supera\u00e7\u00e3o, mas conseguimos valorizar ainda mais os nossos bravos servidores, n\u00e3o apenas por fazer cumprir o pagamento dentro do m\u00eas trabalhado, mais porque conseguimos distribuir com a classe de trabalhadores os Equipamentos de Prote\u00e7\u00e3o Individual, promover a capacita\u00e7\u00e3o para motoristas, professores e agentes p\u00fablicos, como forma de dinamizar o atendimento ao p\u00fablico, afirmou o prefeito.<\/div>\n<div>Continuaremos com nossa meta para 2019, o de poder proporcionar aos servidores p\u00fablicos municipais mais direitos que ao longo do tempo n\u00e3o foram conquistados. Saberemos d\u00e1 na hora certa e cobrar com seus deveres no momento oportuno, pois, todos sabem do compromisso que de servir a nossa popula\u00e7\u00e3o, concluiu o prefeito Silvano Dudu.<\/div>\n<div><\/div>\n<div>Fonte: <b>SEPLACOM<\/b><\/div>\n","protected":false},"excerpt":{"rendered":"<p>A Prefeitura Municipal de Cara\u00fabas atrav\u00e9s da Secretaria de Finan\u00e7as creditou na ter\u00e7a-feira, dia 18 e na quarta-feira, dia 19\/12, a segunda parcela do d\u00e9cimo&hellip; <\/p>\n","protected":false},"author":1,"featured_media":77466,"comment_status":"closed","ping_status":"closed","sticky":false,"template":"","format":"standard","meta":{"sfsi_plus_gutenberg_text_before_share":"","sfsi_plus_gutenberg_show_text_before_share":"","sfsi_plus_gutenberg_icon_type":"","sfsi_plus_gutenberg_icon_alignemt":"","sfsi_plus_gutenburg_max_per_row":"","footnotes":""},"categories":[2],"tags":[],"class_list":["post-77465","post","type-post","status-publish","format-standard","has-post-thumbnail","hentry","category-geral"],"_links":{"self":[{"href":"https:\/\/www.caririemacao.com\/1\/wp-json\/wp\/v2\/posts\/77465","targetHints":{"allow":["GET"]}}],"collection":[{"href":"https:\/\/www.caririemacao.com\/1\/wp-json\/wp\/v2\/posts"}],"about":[{"href":"https:\/\/www.caririemacao.com\/1\/wp-json\/wp\/v2\/types\/post"}],"author":[{"embeddable":true,"href":"https:\/\/www.caririemacao.com\/1\/wp-json\/wp\/v2\/users\/1"}],"replies":[{"embeddable":true,"href":"https:\/\/www.caririemacao.com\/1\/wp-json\/wp\/v2\/comments?post=77465"}],"version-history":[{"count":1,"href":"https:\/\/www.caririemacao.com\/1\/wp-json\/wp\/v2\/posts\/77465\/revisions"}],"predecessor-version":[{"id":77467,"href":"https:\/\/www.caririemacao.com\/1\/wp-json\/wp\/v2\/posts\/77465\/revisions\/77467"}],"wp:featuredmedia":[{"embeddable":true,"href":"https:\/\/www.caririemacao.com\/1\/wp-json\/wp\/v2\/media\/77466"}],"wp:attachment":[{"href":"https:\/\/www.caririemacao.com\/1\/wp-json\/wp\/v2\/media?parent=77465"}],"wp:term":[{"taxonomy":"category","embeddable":true,"href":"https:\/\/www.caririemacao.com\/1\/wp-json\/wp\/v2\/categories?post=77465"},{"taxonomy":"post_tag","embeddable":true,"href":"https:\/\/www.caririemacao.com\/1\/wp-json\/wp\/v2\/tags?post=77465"}],"curies":[{"name":"wp","href":"https:\/\/api.w.org\/{rel}","templated":true}]}}