{"id":77468,"date":"2018-12-20T11:58:38","date_gmt":"2018-12-20T14:58:38","guid":{"rendered":"http:\/\/www.caririemacao.com\/1\/?p=77468"},"modified":"2018-12-20T11:58:38","modified_gmt":"2018-12-20T14:58:38","slug":"prefeitura-de-gurjao-injeta-mais-de-600-mil-com-pagamentos-de-salarios-de-dezembro-%c2%bd-do-13-e-pmaq","status":"publish","type":"post","link":"https:\/\/www.caririemacao.com\/1\/2018\/12\/20\/prefeitura-de-gurjao-injeta-mais-de-600-mil-com-pagamentos-de-salarios-de-dezembro-%c2%bd-do-13-e-pmaq\/","title":{"rendered":"Prefeitura de Gurj\u00e3o injeta mais de 600  mil  com pagamentos de sal\u00e1rios de dezembro , \u00bd do 13\u00b0  e PMAQ."},"content":{"rendered":"<p><span style=\"color: black; font-family: 'Arial','sans-serif';\">O prefeito Ronaldo Queiroz (Gurj\u00e3o) anunciou nesta quarta feira (19), o pagamento do sal\u00e1rio de dezembro , e metade do \u00a013\u00ba sal\u00e1rio dos servidores efetivos e comissionados al\u00e9m do PMAQ dos profissionais da sa\u00fade para est\u00e1 quinta (20)<\/span><\/p>\n<p><span style=\"color: black; font-family: 'Arial','sans-serif';\">Na soma da folha salarial , metade do \u00a013\u00ba sal\u00e1rio \u00a0e PMAQ a Prefeitura ir\u00e1 injetar mais de \u00a0R$600,000,00 (Seiscentos \u00a0mil reais). O prefeito lembrou que muitos esfor\u00e7os foram feitos ao longo do ano de 2018, um exerc\u00edcio especialmente delicado sob os aspectos econ\u00f4micos e pol\u00edticos, para assegurar esses tr\u00eas \u00a0pagamentos neste fim de ano.<\/span><\/p>\n<p><span style=\"color: black; font-family: 'Arial','sans-serif';\">\u201cVivemos um ano dif\u00edcil com as receitas municipais, onde muitas prefeituras est\u00e3o com dificuldades de pagar sal\u00e1rios e o d\u00e9cimo terceiro, n\u00f3s tomamos todas as medidas necess\u00e1rias desde o in\u00edcio do ano para honrar esse compromisso com os nossos servidores\u201d, disse Ronaldo Queiroz.<\/span><\/p>\n<p>&nbsp;<\/p>\n<p>Ascom\/Gurj\u00e3o<\/p>\n","protected":false},"excerpt":{"rendered":"<p>O prefeito Ronaldo Queiroz (Gurj\u00e3o) anunciou nesta quarta feira (19), o pagamento do sal\u00e1rio de dezembro , e metade do \u00a013\u00ba sal\u00e1rio dos servidores efetivos&hellip; <\/p>\n","protected":false},"author":1,"featured_media":77469,"comment_status":"closed","ping_status":"closed","sticky":false,"template":"","format":"standard","meta":{"sfsi_plus_gutenberg_text_before_share":"","sfsi_plus_gutenberg_show_text_before_share":"","sfsi_plus_gutenberg_icon_type":"","sfsi_plus_gutenberg_icon_alignemt":"","sfsi_plus_gutenburg_max_per_row":"","footnotes":""},"categories":[6],"tags":[],"class_list":["post-77468","post","type-post","status-publish","format-standard","has-post-thumbnail","hentry","category-cidades"],"_links":{"self":[{"href":"https:\/\/www.caririemacao.com\/1\/wp-json\/wp\/v2\/posts\/77468","targetHints":{"allow":["GET"]}}],"collection":[{"href":"https:\/\/www.caririemacao.com\/1\/wp-json\/wp\/v2\/posts"}],"about":[{"href":"https:\/\/www.caririemacao.com\/1\/wp-json\/wp\/v2\/types\/post"}],"author":[{"embeddable":true,"href":"https:\/\/www.caririemacao.com\/1\/wp-json\/wp\/v2\/users\/1"}],"replies":[{"embeddable":true,"href":"https:\/\/www.caririemacao.com\/1\/wp-json\/wp\/v2\/comments?post=77468"}],"version-history":[{"count":1,"href":"https:\/\/www.caririemacao.com\/1\/wp-json\/wp\/v2\/posts\/77468\/revisions"}],"predecessor-version":[{"id":77470,"href":"https:\/\/www.caririemacao.com\/1\/wp-json\/wp\/v2\/posts\/77468\/revisions\/77470"}],"wp:featuredmedia":[{"embeddable":true,"href":"https:\/\/www.caririemacao.com\/1\/wp-json\/wp\/v2\/media\/77469"}],"wp:attachment":[{"href":"https:\/\/www.caririemacao.com\/1\/wp-json\/wp\/v2\/media?parent=77468"}],"wp:term":[{"taxonomy":"category","embeddable":true,"href":"https:\/\/www.caririemacao.com\/1\/wp-json\/wp\/v2\/categories?post=77468"},{"taxonomy":"post_tag","embeddable":true,"href":"https:\/\/www.caririemacao.com\/1\/wp-json\/wp\/v2\/tags?post=77468"}],"curies":[{"name":"wp","href":"https:\/\/api.w.org\/{rel}","templated":true}]}}