{"id":77471,"date":"2018-12-20T12:06:37","date_gmt":"2018-12-20T15:06:37","guid":{"rendered":"http:\/\/www.caririemacao.com\/1\/?p=77471"},"modified":"2018-12-20T12:06:37","modified_gmt":"2018-12-20T15:06:37","slug":"fab-abre-183-vagas-para-processo-seletivo-de-estagio-para-graduacao-de-sargento","status":"publish","type":"post","link":"https:\/\/www.caririemacao.com\/1\/2018\/12\/20\/fab-abre-183-vagas-para-processo-seletivo-de-estagio-para-graduacao-de-sargento\/","title":{"rendered":"FAB abre 183 vagas para processo seletivo de est\u00e1gio para gradua\u00e7\u00e3o de sargento"},"content":{"rendered":"<p>A For\u00e7a A\u00e9rea Brasileira (FAB) lan\u00e7ou, na sexta-feira (14), as Instru\u00e7\u00f5es Espec\u00edficas para o Est\u00e1gio de Adapta\u00e7\u00e3o \u00e0 Gradua\u00e7\u00e3o de Sargento da Aeron\u00e1utica (EAGS) para ingresso em janeiro de 2020. As inscri\u00e7\u00f5es come\u00e7am no dia 14 de janeiro e terminam no dia 12 de fevereiro de 2019. Para se inscrever basta acessar o<a href=\"http:\/\/ingresso.eear.aer.mil.br\/\" target=\"true\">site da organiza\u00e7\u00e3o<\/a>do processo seletivo.\u00a0A taxa de inscri\u00e7\u00e3o \u00e9 de R$ 60,00.<\/p>\n<p><a href=\"http:\/\/ingresso.eear.aer.mil.br\/SOO\/editais\/EAGS%202020\/ie.pdf?concurso=EAGS%202020\">Confira o edital<\/a><\/p>\n<p>As 183 vagas s\u00e3o destinadas a candidatos de ambos os sexos, que atendam \u00e0s condi\u00e7\u00f5es e \u00e0s normas estabelecidas nas Instru\u00e7\u00f5es Espec\u00edficas.\u00a0As 183 oportunidades dispon\u00edveis se encontram nas seguintes especialidades: Eletr\u00f4nica (30); Administra\u00e7\u00e3o (40); Enfermagem (45); Eletricidade (14); Inform\u00e1tica (20); Laborat\u00f3rio (5); Obras (8); Pavimenta\u00e7\u00e3o (8); Radiologia (5); e Topografia (8).<\/p>\n<p>O processo seletivo \u00e9 composto de provas escritas, inspe\u00e7\u00e3o de sa\u00fade, exame de aptid\u00e3o psicol\u00f3gica, teste de avalia\u00e7\u00e3o do condicionamento f\u00edsico, prova pr\u00e1tica da especialidade e demais etapas descritas no anexo C das Instru\u00e7\u00f5es Espec\u00edficas.<\/p>\n<p>Os aprovados em todas as etapas do processo seletivo e selecionados pela Junta Especial de Avalia\u00e7\u00e3o (JEA), dever\u00e3o se apresentar na Escola de Especialistas de Aeron\u00e1utica (EEAR), em Guaratinguet\u00e1 (SP), em janeiro de 2020, para habilita\u00e7\u00e3o \u00e0 matr\u00edcula no curso, que ter\u00e1 dura\u00e7\u00e3o de aproximadamente um ano.<\/p>\n<p>A Prova Escrita ser\u00e1 aplicada provavelmente no dia 28 de abril de 2019, nas cidades de Bel\u00e9m &#8211; PA, Recife &#8211; PE, Natal &#8211; RN, Rio de Janeiro &#8211; RJ, Belo Horizonte &#8211; MG, S\u00e3o Paulo &#8211; SP, S\u00e3o Jos\u00e9 dos Campos &#8211; SP, Campo Grande &#8211; MS, Canoas &#8211; RS, Santa Maria &#8211; RS, Curitiba &#8211; PR, Bras\u00edlia &#8211; DF, Manaus &#8211; AM, Porto Velho &#8211; RO e Boa Vista &#8211; RR.<\/p>\n<p>Ap\u00f3s a conclus\u00e3o do est\u00e1gio com aproveitamento, o formando ser\u00e1 designado e classificado para alguma das organiza\u00e7\u00f5es do Comando da Aeron\u00e1utica, localizadas em todo o territ\u00f3rio nacional, de acordo com a necessidade da Administra\u00e7\u00e3o.<\/p>\n","protected":false},"excerpt":{"rendered":"<p>A For\u00e7a A\u00e9rea Brasileira (FAB) lan\u00e7ou, na sexta-feira (14), as Instru\u00e7\u00f5es Espec\u00edficas para o Est\u00e1gio de Adapta\u00e7\u00e3o \u00e0 Gradua\u00e7\u00e3o de Sargento da Aeron\u00e1utica (EAGS) para&hellip; <\/p>\n","protected":false},"author":1,"featured_media":77472,"comment_status":"closed","ping_status":"closed","sticky":false,"template":"","format":"standard","meta":{"sfsi_plus_gutenberg_text_before_share":"","sfsi_plus_gutenberg_show_text_before_share":"","sfsi_plus_gutenberg_icon_type":"","sfsi_plus_gutenberg_icon_alignemt":"","sfsi_plus_gutenburg_max_per_row":"","footnotes":""},"categories":[2],"tags":[],"class_list":["post-77471","post","type-post","status-publish","format-standard","has-post-thumbnail","hentry","category-geral"],"_links":{"self":[{"href":"https:\/\/www.caririemacao.com\/1\/wp-json\/wp\/v2\/posts\/77471","targetHints":{"allow":["GET"]}}],"collection":[{"href":"https:\/\/www.caririemacao.com\/1\/wp-json\/wp\/v2\/posts"}],"about":[{"href":"https:\/\/www.caririemacao.com\/1\/wp-json\/wp\/v2\/types\/post"}],"author":[{"embeddable":true,"href":"https:\/\/www.caririemacao.com\/1\/wp-json\/wp\/v2\/users\/1"}],"replies":[{"embeddable":true,"href":"https:\/\/www.caririemacao.com\/1\/wp-json\/wp\/v2\/comments?post=77471"}],"version-history":[{"count":1,"href":"https:\/\/www.caririemacao.com\/1\/wp-json\/wp\/v2\/posts\/77471\/revisions"}],"predecessor-version":[{"id":77473,"href":"https:\/\/www.caririemacao.com\/1\/wp-json\/wp\/v2\/posts\/77471\/revisions\/77473"}],"wp:featuredmedia":[{"embeddable":true,"href":"https:\/\/www.caririemacao.com\/1\/wp-json\/wp\/v2\/media\/77472"}],"wp:attachment":[{"href":"https:\/\/www.caririemacao.com\/1\/wp-json\/wp\/v2\/media?parent=77471"}],"wp:term":[{"taxonomy":"category","embeddable":true,"href":"https:\/\/www.caririemacao.com\/1\/wp-json\/wp\/v2\/categories?post=77471"},{"taxonomy":"post_tag","embeddable":true,"href":"https:\/\/www.caririemacao.com\/1\/wp-json\/wp\/v2\/tags?post=77471"}],"curies":[{"name":"wp","href":"https:\/\/api.w.org\/{rel}","templated":true}]}}