{"id":77493,"date":"2018-12-20T12:21:19","date_gmt":"2018-12-20T15:21:19","guid":{"rendered":"http:\/\/www.caririemacao.com\/1\/?p=77493"},"modified":"2018-12-20T12:21:19","modified_gmt":"2018-12-20T15:21:19","slug":"incendio-destroi-onibus-escolares-de-prefeitura-na-paraiba","status":"publish","type":"post","link":"https:\/\/www.caririemacao.com\/1\/2018\/12\/20\/incendio-destroi-onibus-escolares-de-prefeitura-na-paraiba\/","title":{"rendered":"Inc\u00eandio destr\u00f3i \u00f4nibus escolares de prefeitura na Para\u00edba"},"content":{"rendered":"<p>&nbsp;<\/p>\n<p>Dois \u00f4nibus escolares da Prefeitura de Pedra Lavrada, Serid\u00f3 paraibano, pegaram fogo na madrugada desta quinta-feira (20), por volta das 01h40. Os \u00f4nibus estavam estacionados no almoxarifado.<\/p>\n<p>Servidores da gest\u00e3o e alguns populares tentaram conter as chamas dos \u00f4nibus que se aproximavam de um trator que tamb\u00e9m estava no local.<\/p>\n<p>A Pol\u00edcia Militar afirmou que n\u00e3o teve relatos de movimenta\u00e7\u00f5es suspeitas que indicassem que o inc\u00eandio se tratava de um ato criminoso e destacou que s\u00f3 ap\u00f3s a pericia da Pol\u00edcia Civil \u00e9 que poder\u00e1 ter informa\u00e7\u00f5es sobre a possibilidade ou n\u00e3o de ind\u00edcios criminais.<\/p>\n<p>O secret\u00e1rio de gabinete, Alex Melo, acredita que o inc\u00eandio foi criminoso j\u00e1 que, segundo ele, o primeiro \u00f4nibus a pegar fogo n\u00e3o possu\u00eda baterias o que descartaria um curto circuito e o segundo ve\u00edculo s\u00f3 pegou fogo devido as chamas do primeiro.<\/p>\n<p>Uma equipe do Corpo de Bombeiros de Campina Grande, chegou ao local duas horas ap\u00f3s ter sido acionada. Ningu\u00e9m se feriu.<\/p>\n<p><br clear=\"all\" \/><br clear=\"all\" \/><\/p>\n<p>Fonte: T5<\/p>\n","protected":false},"excerpt":{"rendered":"<p>&nbsp; Dois \u00f4nibus escolares da Prefeitura de Pedra Lavrada, Serid\u00f3 paraibano, pegaram fogo na madrugada desta quinta-feira (20), por volta das 01h40. Os \u00f4nibus estavam&hellip; <\/p>\n","protected":false},"author":1,"featured_media":19440,"comment_status":"closed","ping_status":"closed","sticky":false,"template":"","format":"standard","meta":{"sfsi_plus_gutenberg_text_before_share":"","sfsi_plus_gutenberg_show_text_before_share":"","sfsi_plus_gutenberg_icon_type":"","sfsi_plus_gutenberg_icon_alignemt":"","sfsi_plus_gutenburg_max_per_row":"","footnotes":""},"categories":[12],"tags":[],"class_list":["post-77493","post","type-post","status-publish","format-standard","has-post-thumbnail","hentry","category-policia"],"_links":{"self":[{"href":"https:\/\/www.caririemacao.com\/1\/wp-json\/wp\/v2\/posts\/77493","targetHints":{"allow":["GET"]}}],"collection":[{"href":"https:\/\/www.caririemacao.com\/1\/wp-json\/wp\/v2\/posts"}],"about":[{"href":"https:\/\/www.caririemacao.com\/1\/wp-json\/wp\/v2\/types\/post"}],"author":[{"embeddable":true,"href":"https:\/\/www.caririemacao.com\/1\/wp-json\/wp\/v2\/users\/1"}],"replies":[{"embeddable":true,"href":"https:\/\/www.caririemacao.com\/1\/wp-json\/wp\/v2\/comments?post=77493"}],"version-history":[{"count":1,"href":"https:\/\/www.caririemacao.com\/1\/wp-json\/wp\/v2\/posts\/77493\/revisions"}],"predecessor-version":[{"id":77494,"href":"https:\/\/www.caririemacao.com\/1\/wp-json\/wp\/v2\/posts\/77493\/revisions\/77494"}],"wp:featuredmedia":[{"embeddable":true,"href":"https:\/\/www.caririemacao.com\/1\/wp-json\/wp\/v2\/media\/19440"}],"wp:attachment":[{"href":"https:\/\/www.caririemacao.com\/1\/wp-json\/wp\/v2\/media?parent=77493"}],"wp:term":[{"taxonomy":"category","embeddable":true,"href":"https:\/\/www.caririemacao.com\/1\/wp-json\/wp\/v2\/categories?post=77493"},{"taxonomy":"post_tag","embeddable":true,"href":"https:\/\/www.caririemacao.com\/1\/wp-json\/wp\/v2\/tags?post=77493"}],"curies":[{"name":"wp","href":"https:\/\/api.w.org\/{rel}","templated":true}]}}