{"id":77499,"date":"2018-12-20T12:32:57","date_gmt":"2018-12-20T15:32:57","guid":{"rendered":"http:\/\/www.caririemacao.com\/1\/?p=77499"},"modified":"2018-12-20T12:32:57","modified_gmt":"2018-12-20T15:32:57","slug":"votacao-da-loa-pela-alpb-so-deve-ocorrer-na-proxima-quinta-feira","status":"publish","type":"post","link":"https:\/\/www.caririemacao.com\/1\/2018\/12\/20\/votacao-da-loa-pela-alpb-so-deve-ocorrer-na-proxima-quinta-feira\/","title":{"rendered":"Vota\u00e7\u00e3o da LOA pela ALPB s\u00f3 deve ocorrer na pr\u00f3xima quinta-feira"},"content":{"rendered":"<p>A vota\u00e7\u00e3o da Lei Or\u00e7ament\u00e1ria Anual da Para\u00edba s\u00f3 dever\u00e1 ocorrer na pr\u00f3xima quinta-feira (27) na Assembleia Legislativa da Para\u00edba, de acordo com o l\u00edder do governo na ALPB, Herv\u00e1zio Bezerra. A vota\u00e7\u00e3o estava prevista inicialmente para esta quinta (20).<\/p>\n<p>Tamb\u00e9m foi anunciado, na manh\u00e3 desta quinta-feira (20), que a Assembleia n\u00e3o entrar\u00e1 em recesso, devido a alguns projetos que teriam que ser votados e n\u00e3o ser\u00e1 poss\u00edvel nesta quinta, que seria o \u00faltimo dia antes do recesso.<\/p>\n<p>&nbsp;<\/p>\n<p>Para\u00edba J\u00e1<\/p>\n","protected":false},"excerpt":{"rendered":"<p>A vota\u00e7\u00e3o da Lei Or\u00e7ament\u00e1ria Anual da Para\u00edba s\u00f3 dever\u00e1 ocorrer na pr\u00f3xima quinta-feira (27) na Assembleia Legislativa da Para\u00edba, de acordo com o l\u00edder&hellip; <\/p>\n","protected":false},"author":1,"featured_media":13234,"comment_status":"closed","ping_status":"closed","sticky":false,"template":"","format":"standard","meta":{"sfsi_plus_gutenberg_text_before_share":"","sfsi_plus_gutenberg_show_text_before_share":"","sfsi_plus_gutenberg_icon_type":"","sfsi_plus_gutenberg_icon_alignemt":"","sfsi_plus_gutenburg_max_per_row":"","footnotes":""},"categories":[11],"tags":[],"class_list":["post-77499","post","type-post","status-publish","format-standard","has-post-thumbnail","hentry","category-politica"],"_links":{"self":[{"href":"https:\/\/www.caririemacao.com\/1\/wp-json\/wp\/v2\/posts\/77499","targetHints":{"allow":["GET"]}}],"collection":[{"href":"https:\/\/www.caririemacao.com\/1\/wp-json\/wp\/v2\/posts"}],"about":[{"href":"https:\/\/www.caririemacao.com\/1\/wp-json\/wp\/v2\/types\/post"}],"author":[{"embeddable":true,"href":"https:\/\/www.caririemacao.com\/1\/wp-json\/wp\/v2\/users\/1"}],"replies":[{"embeddable":true,"href":"https:\/\/www.caririemacao.com\/1\/wp-json\/wp\/v2\/comments?post=77499"}],"version-history":[{"count":1,"href":"https:\/\/www.caririemacao.com\/1\/wp-json\/wp\/v2\/posts\/77499\/revisions"}],"predecessor-version":[{"id":77500,"href":"https:\/\/www.caririemacao.com\/1\/wp-json\/wp\/v2\/posts\/77499\/revisions\/77500"}],"wp:featuredmedia":[{"embeddable":true,"href":"https:\/\/www.caririemacao.com\/1\/wp-json\/wp\/v2\/media\/13234"}],"wp:attachment":[{"href":"https:\/\/www.caririemacao.com\/1\/wp-json\/wp\/v2\/media?parent=77499"}],"wp:term":[{"taxonomy":"category","embeddable":true,"href":"https:\/\/www.caririemacao.com\/1\/wp-json\/wp\/v2\/categories?post=77499"},{"taxonomy":"post_tag","embeddable":true,"href":"https:\/\/www.caririemacao.com\/1\/wp-json\/wp\/v2\/tags?post=77499"}],"curies":[{"name":"wp","href":"https:\/\/api.w.org\/{rel}","templated":true}]}}