{"id":77504,"date":"2018-12-20T12:38:06","date_gmt":"2018-12-20T15:38:06","guid":{"rendered":"http:\/\/www.caririemacao.com\/1\/?p=77504"},"modified":"2018-12-20T12:38:06","modified_gmt":"2018-12-20T15:38:06","slug":"pf-cumpre-mandado-de-busca-e-apreensao-na-casa-da-mae-de-aecio-neves","status":"publish","type":"post","link":"https:\/\/www.caririemacao.com\/1\/2018\/12\/20\/pf-cumpre-mandado-de-busca-e-apreensao-na-casa-da-mae-de-aecio-neves\/","title":{"rendered":"PF cumpre mandado de busca e apreens\u00e3o na casa da m\u00e3e de A\u00e9cio Neves"},"content":{"rendered":"<p>Nove dias depois de a Pol\u00edcia Federal cumprir mandados de busca e apreens\u00e3o em im\u00f3veis do senador A\u00e9cio Neves (PSDB) e da irm\u00e3 dele, Andrea Neves, policiais federais voltam a cumprir, nesta quinta-feira (20),\u00a0 mandados judiciais envolvendo a fam\u00edlia do parlamentar, que nessa quarta-feira (19) foi diplomado deputado federal, em cerim\u00f4nia no Pal\u00e1cio das Artes, na Regi\u00e3o Central de Belo Horizonte. A posse no novo cargo acontecer\u00e1 em 1\u00ba de janeiro.Continua depois da publicidade<\/p>\n<p>O alvo dessa vez \u00e9 um apartamento na Regi\u00e3o Centro-Sul da capital, de propriedade\u00a0 da m\u00e3e do senador, In\u00eas Maria,\u00a0 e um outro im\u00f3vel pertencente\u00a0 ao primo do senador, Frederico Pacheco, al\u00e9m de uma empresa.<\/p>\n<p>O senador e a irm\u00e3 est\u00e3o envolvidos na Opera\u00e7\u00e3o Ross, deflagrada pela Pol\u00edcia Federal para investigar suposto pagamento de propina de R$110 milh\u00f5es, feitos entre 2014 e 2017 pela J&amp;F, holding dos irm\u00e3os Joesley e Wesley Batista.<\/p>\n<p>Al\u00e9m de A\u00e9cio e Andrea, s\u00e3o alvos da opera\u00e7\u00e3o os senadores Antonio Anastasia (PSDB-MG) e Agripino Maia (DEM-RN) e os deputados federais Paulinho da For\u00e7a (SD-SP), Cristiane Brasil (PTB-RJ) e Benito Gama (PTB-BA).<\/p>\n<p>A opera\u00e7\u00e3o Ross , que nesta quinta-feira foi desdobrada em uma segunda fase, foi autorizada pelo ministro Marco Aur\u00e9lio Mello, do Supremo Tribunal Federal.<\/p>\n<p><strong>Entenda o caso<\/strong><\/p>\n<p>A\u00a0 Opera\u00e7\u00e3o Ross \u00e9 um desdobramento da Opera\u00e7\u00e3o Patmos, deflagrada pela PF em maio de 2017. Os valores investigados, que teriam sido utilizados tamb\u00e9m para a obten\u00e7\u00e3o de apoio pol\u00edtico, ultrapassam os R$ 100 milh\u00f5es.<\/p>\n<p>De acordo com o Minist\u00e9rio P\u00fablico Federal, em troca dos recursos financeiros, A\u00e9cio teria prometido favorecimentos em um eventual governo presidencial (2015 a 2018) al\u00e9m de influ\u00eancia junto ao governo estadual de Minas Gerais, neste caso, com o objetivo de viabilizar a restitui\u00e7\u00e3o de cr\u00e9ditos tribut\u00e1rios.<\/p>\n<p>A PF batizou a opera\u00e7\u00e3o numa refer\u00eancia a um explorador brit\u00e2nico que d\u00e1 nome \u00e0 maior plataforma de gelo do mundo localizada na Ant\u00e1rtida, fazendo alus\u00e3o \u00e0s notas fiscais frias que est\u00e3o sob investiga\u00e7\u00e3o.<\/p>\n<p><strong>Defesa<\/strong><\/p>\n<p>Na primeira fase da Opera\u00e7\u00e3o Ross, a defesa do senador A\u00e9cio Neves afirmou em nota enviada \u00e0 imprensa que a a\u00e7\u00e3o tem como base as dela\u00e7\u00f5es de executivos da JBS &#8220;que tentam transformar as doa\u00e7\u00f5es feitas a campanhas do PSDB, e devidamente registradas na Justi\u00e7a Eleitoral, em algo il\u00edcito&#8221;. A\u00e9cio negou irregularidades. O espa\u00e7o est\u00e1 aberto para novas manifesta\u00e7\u00f5es do parlamentar.<\/p>\n<p><strong>Nome da opera\u00e7\u00e3o<\/strong><\/p>\n<p>De acordo com a PF, o nome da Opera\u00e7\u00e3o Ross \u00e9 refer\u00eancia ao explorador brit\u00e2nico que d\u00e1 nome \u00e0 maior plataforma de gelo do mundo, na Ant\u00e1rtida, fazendo alus\u00e3o \u00e0s notas fiscais frias que est\u00e3o sendo investigadas.<\/p>\n","protected":false},"excerpt":{"rendered":"<p>Nove dias depois de a Pol\u00edcia Federal cumprir mandados de busca e apreens\u00e3o em im\u00f3veis do senador A\u00e9cio Neves (PSDB) e da irm\u00e3 dele, Andrea&hellip; <\/p>\n","protected":false},"author":1,"featured_media":34247,"comment_status":"closed","ping_status":"closed","sticky":false,"template":"","format":"standard","meta":{"sfsi_plus_gutenberg_text_before_share":"","sfsi_plus_gutenberg_show_text_before_share":"","sfsi_plus_gutenberg_icon_type":"","sfsi_plus_gutenberg_icon_alignemt":"","sfsi_plus_gutenburg_max_per_row":"","footnotes":""},"categories":[11],"tags":[],"class_list":["post-77504","post","type-post","status-publish","format-standard","has-post-thumbnail","hentry","category-politica"],"_links":{"self":[{"href":"https:\/\/www.caririemacao.com\/1\/wp-json\/wp\/v2\/posts\/77504","targetHints":{"allow":["GET"]}}],"collection":[{"href":"https:\/\/www.caririemacao.com\/1\/wp-json\/wp\/v2\/posts"}],"about":[{"href":"https:\/\/www.caririemacao.com\/1\/wp-json\/wp\/v2\/types\/post"}],"author":[{"embeddable":true,"href":"https:\/\/www.caririemacao.com\/1\/wp-json\/wp\/v2\/users\/1"}],"replies":[{"embeddable":true,"href":"https:\/\/www.caririemacao.com\/1\/wp-json\/wp\/v2\/comments?post=77504"}],"version-history":[{"count":1,"href":"https:\/\/www.caririemacao.com\/1\/wp-json\/wp\/v2\/posts\/77504\/revisions"}],"predecessor-version":[{"id":77505,"href":"https:\/\/www.caririemacao.com\/1\/wp-json\/wp\/v2\/posts\/77504\/revisions\/77505"}],"wp:featuredmedia":[{"embeddable":true,"href":"https:\/\/www.caririemacao.com\/1\/wp-json\/wp\/v2\/media\/34247"}],"wp:attachment":[{"href":"https:\/\/www.caririemacao.com\/1\/wp-json\/wp\/v2\/media?parent=77504"}],"wp:term":[{"taxonomy":"category","embeddable":true,"href":"https:\/\/www.caririemacao.com\/1\/wp-json\/wp\/v2\/categories?post=77504"},{"taxonomy":"post_tag","embeddable":true,"href":"https:\/\/www.caririemacao.com\/1\/wp-json\/wp\/v2\/tags?post=77504"}],"curies":[{"name":"wp","href":"https:\/\/api.w.org\/{rel}","templated":true}]}}