{"id":77514,"date":"2018-12-20T12:46:20","date_gmt":"2018-12-20T15:46:20","guid":{"rendered":"http:\/\/www.caririemacao.com\/1\/?p=77514"},"modified":"2018-12-20T12:46:20","modified_gmt":"2018-12-20T15:46:20","slug":"facada-nos-recursos-de-senai-e-sesi-acabaria-com-mais-de-20-mil-vagas-na-pb","status":"publish","type":"post","link":"https:\/\/www.caririemacao.com\/1\/2018\/12\/20\/facada-nos-recursos-de-senai-e-sesi-acabaria-com-mais-de-20-mil-vagas-na-pb\/","title":{"rendered":"\u201cFacada\u201d nos recursos de SENAI e SESI acabaria com mais de 20 mil vagas na PB"},"content":{"rendered":"<p>&nbsp;<\/p>\n<p>A \u201cfacada\u201d prometida pelo futuro ministro da Economia, Paulo Guedes, nos recursos do Sistema S teria efeitos \u201cdevastadores\u201d sobre programas de educa\u00e7\u00e3o t\u00e9cnica e servi\u00e7os de sa\u00fade prestados \u00e0 popula\u00e7\u00e3o da regi\u00e3o Nordeste do pa\u00eds que beneficiam, principalmente, jovens e trabalhadores de baixa renda.<\/p>\n<h2>Sistema S<\/h2>\n<p>No caso do\u00a0<a class=\" autoblog-load-by-popup thickbox\" href=\"http:\/\/www.portaldaindustria.com.br\/sesi\/?TB_iframe=true&amp;width=1214.1&amp;height=564.3\">SESI<\/a> \u00a0e do\u00a0<a class=\" autoblog-load-by-popup thickbox\" href=\"http:\/\/www.portaldaindustria.com.br\/senai\/?TB_iframe=true&amp;width=1214.1&amp;height=564.3\">SENAI<\/a> , quase 230 mil estudantes ficariam sem op\u00e7\u00e3o de cursos de forma\u00e7\u00e3o profissional com o poss\u00edvel fechamento de 54 escolas e demiss\u00f5es de cerca de 3,3 mil trabalhadores das institui\u00e7\u00f5es de Alagoas, Sergipe, Para\u00edba, Pernambuco, Rio Grande do Norte, Cear\u00e1, Piau\u00ed e Maranh\u00e3o. O pr\u00f3ximo governo n\u00e3o divulgou plano para substituir os servi\u00e7os das entidades para a popula\u00e7\u00e3o, como alternativa aos prov\u00e1veis cortes or\u00e7ament\u00e1rios do Sistema S.<\/p>\n<p>\u201cA proposta de cortes no Sistema S teria efeitos devastadores sobre institui\u00e7\u00f5es que funcionam e prestam servi\u00e7os essenciais para jovens e trabalhadores brasileiros. Al\u00e9m de acabar com empregos de educadores, t\u00e9cnicos, especialistas e pesquisadores, se forem feitos, os cortes prejudicar\u00e3o a educa\u00e7\u00e3o, pesar\u00e3o sobre a sa\u00fade e afetar\u00e3o a economia do pa\u00eds como um todo\u201d, explica o diretor-geral do SENAI e diretor-superintendente do SESI, Rafael Lucchesi.<\/p>\n<h2>Danos na Para\u00edba<\/h2>\n<p>No estado, o impacto da prometida \u201cfacada\u201d pode comprometer at\u00e9 30% dos recursos do\u00a0<a class=\" autoblog-load-by-popup thickbox\" href=\"http:\/\/www.fiepb.com.br\/senai\/?TB_iframe=true&amp;width=1214.1&amp;height=564.3\">SENAI<\/a> \u00a0e acabar com mais de 12 mil vagas de cursos t\u00e9cnicos profissionais por ano no estado. Al\u00e9m disso, o corte or\u00e7ament\u00e1rio no Sistema S deve promover o poss\u00edvel fechamento de quatro escolas da institui\u00e7\u00e3o de forma\u00e7\u00e3o profissional dos paraibanos.<\/p>\n<p>No\u00a0<a class=\" autoblog-load-by-popup thickbox\" href=\"http:\/\/www.fiepb.com.br\/sesi\/?TB_iframe=true&amp;width=1214.1&amp;height=564.3\">SESI<\/a> , quase de oito mil estudantes do ensino b\u00e1sico e de educa\u00e7\u00e3o de jovens e adultos podem perder a oportunidade de estudar porque duas escolas de forma\u00e7\u00e3o profissional da educa\u00e7\u00e3o b\u00e1sica da institui\u00e7\u00e3o podem ser fechadas no estado.<\/p>\n<p>Al\u00e9m disso, o desemprego deve aumentar na Para\u00edba porque os cortes or\u00e7ament\u00e1rios no Sistema S, prometidos pelo pr\u00f3ximo governo, v\u00e3o influenciar diretamente na demiss\u00e3o de 275 funcion\u00e1rios do\u00a0<a class=\" autoblog-load-by-popup thickbox\" href=\"http:\/\/www.fiepb.com.br\/senai\/?TB_iframe=true&amp;width=1214.1&amp;height=564.3\">SENAI\u00a0<\/a> e\u00a0<a class=\" autoblog-load-by-popup thickbox\" href=\"http:\/\/www.fiepb.com.br\/sesi\/?TB_iframe=true&amp;width=1214.1&amp;height=564.3\">SESI<\/a> \u00a0paraibenses.<\/p>\n<p>Na pr\u00e1tica, o impacto ser\u00e1 sentido por todos. No caso de jovens e trabalhadores, os cortes afetariam a principal rede de preparo e qualifica\u00e7\u00e3o para o mercado de trabalho, com reflexos na capacidade da popula\u00e7\u00e3o de acompanhar a evolu\u00e7\u00e3o tecnol\u00f3gica das empresas e at\u00e9 de conseguir o primeiro emprego.<\/p>\n<p>\u201cA forma\u00e7\u00e3o profissional e a capacita\u00e7\u00e3o t\u00e9cnica de qualidade aumentam a empregabilidade do trabalhador e, para o jovem, \u00e9 um importante diferencial para conquistar o primeiro emprego, numa faixa et\u00e1ria em que o desemprego \u00e9 ainda mais grave que na m\u00e9dia. O SENAI prepara uma parcela importante da popula\u00e7\u00e3o para que tenha uma profiss\u00e3o, e alcan\u00e7a e beneficia jovens e trabalhadores que n\u00e3o teriam as mesmas oportunidades pelo sistema educacional\u201d, lembra Rafael Lucchesi.<\/p>\n<h2>Impactos Nacionais<\/h2>\n<p>Com 2,3 milh\u00f5es jovens matriculados, o\u00a0<a class=\" autoblog-load-by-popup thickbox\" href=\"http:\/\/www.portaldaindustria.com.br\/senai\/?TB_iframe=true&amp;width=1214.1&amp;height=564.3\">Servi\u00e7o Nacional de Aprendizagem Industrial (SENAI)<\/a> \u00a0\u00e9 a principal respons\u00e1vel pela forma\u00e7\u00e3o t\u00e9cnica e profissional de jovens e trabalhadores brasileiros para v\u00e1rios setores da ind\u00fastria. Os cursos, dos quais 70% s\u00e3o gratuitos, s\u00e3o oferecidas em 541 escolas em todos os estados e no Distrito Federal. Segundo c\u00e1lculos do SENAI, 162 delas fechariam as portas com os eventuais cortes.<\/p>\n<p>Respons\u00e1vel pelos programas de sa\u00fade e seguran\u00e7a do trabalhador na ind\u00fastria, o Servi\u00e7o Social da Ind\u00fastria (SESI) tamb\u00e9m tem uma rede de escolas de que beneficia 1,2 milh\u00e3o de jovens com educa\u00e7\u00e3o b\u00e1sica, principalmente de fam\u00edlias de trabalhadores da ind\u00fastria. Al\u00e9m disso, oferece cursos de refor\u00e7o educacional para adultos com baixa escolaridade, servi\u00e7o essencial uma vez que muitos dos trabalhadores da ind\u00fastria n\u00e3o t\u00eam a educa\u00e7\u00e3o b\u00e1sica completa ou capacita\u00e7\u00e3o profissional.<\/p>\n<p>O SESI calcula que os cortes levariam ao fechamento de 155 escolas, com perda de quase meio milh\u00e3o de vagas para jovens no ensino b\u00e1sico e no refor\u00e7o educacional de adultos com baixa escolaridade. Na presta\u00e7\u00e3o de servi\u00e7os de sa\u00fade a trabalhadores, que inclui desde a oferta gratuita de vacinas e exames de mamografia para trabalhadoras, a previs\u00e3o \u00e9 de que 1,2 milh\u00e3o de pessoas ficariam sem o atendimento, tendo de buscar os servi\u00e7os na rede p\u00fablica ou custe\u00e1-los na rede particular.<\/p>\n<p>\u201cS\u00e3o milh\u00f5es de exames m\u00e9dicos, consultas, vacinas aplicadas, al\u00e9m de atendimento m\u00e9dico e acompanhamento nutricional oferecidos pelo SESI para os trabalhadores da ind\u00fastria. Na pr\u00e1tica, esse \u00e9 um trabalho essencial, que tira uma milhares de pessoas da fila assistencial e contribui para reduzir a press\u00e3o sobre os servi\u00e7os da rede p\u00fablica, que n\u00e3o tem dado conta de atender a popula\u00e7\u00e3o de forma satisfat\u00f3ria\u201d, ressalta o diretor-geral do SENAI e diretor-superintendente do SESI.<\/p>\n<p>Os servi\u00e7os prestados pelo\u00a0<a class=\" autoblog-load-by-popup thickbox\" href=\"http:\/\/www.portaldaindustria.com.br\/sesi\/?TB_iframe=true&amp;width=1214.1&amp;height=564.3\">SESI<\/a> \u00a0e pelo\u00a0<a class=\" autoblog-load-by-popup thickbox\" href=\"http:\/\/www.portaldaindustria.com.br\/senai\/?TB_iframe=true&amp;width=1214.1&amp;height=564.3\">SENAI<\/a> \u00a0contam com altas taxas de aprova\u00e7\u00e3o entre a popula\u00e7\u00e3o que conhece o seu trabalho. Segundo pesquisa do Ibope, divulgada em dezembro, a excel\u00eancia na atua\u00e7\u00e3o do SENAI \u00e9 reconhecida por 94% dos entrevistados e a do SESI, por 93% das pessoas ouvidas.<\/p>\n<p>&nbsp;<\/p>\n<p>Correio Not\u00edcias<\/p>\n","protected":false},"excerpt":{"rendered":"<p>&nbsp; A \u201cfacada\u201d prometida pelo futuro ministro da Economia, Paulo Guedes, nos recursos do Sistema S teria efeitos \u201cdevastadores\u201d sobre programas de educa\u00e7\u00e3o t\u00e9cnica e&hellip; <\/p>\n","protected":false},"author":1,"featured_media":77515,"comment_status":"closed","ping_status":"closed","sticky":false,"template":"","format":"standard","meta":{"sfsi_plus_gutenberg_text_before_share":"","sfsi_plus_gutenberg_show_text_before_share":"","sfsi_plus_gutenberg_icon_type":"","sfsi_plus_gutenberg_icon_alignemt":"","sfsi_plus_gutenburg_max_per_row":"","footnotes":""},"categories":[14],"tags":[],"class_list":["post-77514","post","type-post","status-publish","format-standard","has-post-thumbnail","hentry","category-educacao"],"_links":{"self":[{"href":"https:\/\/www.caririemacao.com\/1\/wp-json\/wp\/v2\/posts\/77514","targetHints":{"allow":["GET"]}}],"collection":[{"href":"https:\/\/www.caririemacao.com\/1\/wp-json\/wp\/v2\/posts"}],"about":[{"href":"https:\/\/www.caririemacao.com\/1\/wp-json\/wp\/v2\/types\/post"}],"author":[{"embeddable":true,"href":"https:\/\/www.caririemacao.com\/1\/wp-json\/wp\/v2\/users\/1"}],"replies":[{"embeddable":true,"href":"https:\/\/www.caririemacao.com\/1\/wp-json\/wp\/v2\/comments?post=77514"}],"version-history":[{"count":1,"href":"https:\/\/www.caririemacao.com\/1\/wp-json\/wp\/v2\/posts\/77514\/revisions"}],"predecessor-version":[{"id":77516,"href":"https:\/\/www.caririemacao.com\/1\/wp-json\/wp\/v2\/posts\/77514\/revisions\/77516"}],"wp:featuredmedia":[{"embeddable":true,"href":"https:\/\/www.caririemacao.com\/1\/wp-json\/wp\/v2\/media\/77515"}],"wp:attachment":[{"href":"https:\/\/www.caririemacao.com\/1\/wp-json\/wp\/v2\/media?parent=77514"}],"wp:term":[{"taxonomy":"category","embeddable":true,"href":"https:\/\/www.caririemacao.com\/1\/wp-json\/wp\/v2\/categories?post=77514"},{"taxonomy":"post_tag","embeddable":true,"href":"https:\/\/www.caririemacao.com\/1\/wp-json\/wp\/v2\/tags?post=77514"}],"curies":[{"name":"wp","href":"https:\/\/api.w.org\/{rel}","templated":true}]}}