{"id":77518,"date":"2018-12-20T13:54:17","date_gmt":"2018-12-20T16:54:17","guid":{"rendered":"http:\/\/www.caririemacao.com\/1\/?p=77518"},"modified":"2018-12-20T13:54:17","modified_gmt":"2018-12-20T16:54:17","slug":"amparenses-recebem-o-premio-referencia-2018","status":"publish","type":"post","link":"https:\/\/www.caririemacao.com\/1\/2018\/12\/20\/amparenses-recebem-o-premio-referencia-2018\/","title":{"rendered":"Amparenses recebem o Pr\u00eamio Refer\u00eancia 2018"},"content":{"rendered":"<p>Na sua 6\u00aa Edi\u00e7\u00e3o, o Pr\u00eamio Refer\u00eancia, realizado pelo Portal de Not\u00edcias Cariri em A\u00e7\u00e3o no ultimo s\u00e1bado (15 de dezembro), em Monteiro, mais uma vez fez homenagem \u00e0s empresas, profissionais, ve\u00edculos de imprensa da regi\u00e3o, agentes p\u00fablicos, entidades e v\u00e1rios outros segmentos da sociedade.<\/p>\n<p>Estiveram presentes os Representantes da Escola Ildefonso A. da Silva, a Secret\u00e1ria de Educa\u00e7\u00e3o Fabiana Feitosa, o vice-prefeito Fl\u00e1vio Messias esteve representando o Prefeito In\u00e1cio N\u00f3brega e a vereadora Maria Pedrosa.<\/p>\n<p>No total, o Cariri em A\u00e7\u00e3o premiou representantes de 23 cidades da regi\u00e3o, entregando a premia\u00e7\u00e3o aqueles que foram indicados pela popula\u00e7\u00e3o como as refer\u00eancias no ano de 2018, por meio de pesquisas realizadas in loco.<\/p>\n<p>Para o diretor do Cariri em A\u00e7\u00e3o, Marivaldo Alc\u00e2ntara, o Pr\u00eamio Refer\u00eancia premiou aqueles que foram o diferencial e que fizeram com que as pessoas as reconhecessem atrav\u00e9s de uma pesquisa s\u00e9ria e \u00e9tica. \u201cN\u00f3s que fazemos o Cariri em A\u00e7\u00e3o, idealizador do Pr\u00eamio Refer\u00eancia, n\u00e3o poder\u00edamos deixar de lhe prestar as nossas homenagens \u00e0s pessoas e empresas que movimentam nossa sociedade\u201d, complementou.<\/p>\n<p>Com a edi\u00e7\u00e3o 2018 do evento, o Pr\u00eamio Refer\u00eancia, mais uma vez, mostra sua grandiosidade e mantem um padr\u00e3o que lhe d\u00e1 o t\u00edtulo de maior premia\u00e7\u00e3o de toda a regi\u00e3o.<\/p>\n<p><img fetchpriority=\"high\" decoding=\"async\" class=\"alignnone size-medium wp-image-77521\" src=\"http:\/\/www.caririemacao.com\/1\/wp-content\/uploads\/2018\/12\/AMPARO-LIGADO-CARIRI-EM-A\u00c7\u00c3O-9-300x200.jpg\" alt=\"\" width=\"300\" height=\"200\" srcset=\"https:\/\/www.caririemacao.com\/1\/wp-content\/uploads\/2018\/12\/AMPARO-LIGADO-CARIRI-EM-A\u00c7\u00c3O-9-300x200.jpg 300w, https:\/\/www.caririemacao.com\/1\/wp-content\/uploads\/2018\/12\/AMPARO-LIGADO-CARIRI-EM-A\u00c7\u00c3O-9.jpg 640w\" sizes=\"(max-width: 300px) 100vw, 300px\" \/> <img decoding=\"async\" class=\"alignnone size-medium wp-image-77522 lazyload\" data-src=\"http:\/\/www.caririemacao.com\/1\/wp-content\/uploads\/2018\/12\/AMPARO-LIGADO-CARIRI-EM-A\u00c7\u00c3O-8-300x200.jpg\" alt=\"\" width=\"300\" height=\"200\" data-srcset=\"https:\/\/www.caririemacao.com\/1\/wp-content\/uploads\/2018\/12\/AMPARO-LIGADO-CARIRI-EM-A\u00c7\u00c3O-8-300x200.jpg 300w, https:\/\/www.caririemacao.com\/1\/wp-content\/uploads\/2018\/12\/AMPARO-LIGADO-CARIRI-EM-A\u00c7\u00c3O-8.jpg 640w\" data-sizes=\"(max-width: 300px) 100vw, 300px\" src=\"data:image\/svg+xml;base64,PHN2ZyB3aWR0aD0iMSIgaGVpZ2h0PSIxIiB4bWxucz0iaHR0cDovL3d3dy53My5vcmcvMjAwMC9zdmciPjwvc3ZnPg==\" style=\"--smush-placeholder-width: 300px; --smush-placeholder-aspect-ratio: 300\/200;\" \/> \u00a0<img decoding=\"async\" class=\"alignnone size-medium wp-image-77525 lazyload\" data-src=\"http:\/\/www.caririemacao.com\/1\/wp-content\/uploads\/2018\/12\/AMPARO-LIGADO-CARIRI-EM-A\u00c7\u00c3O-5-300x200.jpg\" alt=\"\" width=\"300\" height=\"200\" data-srcset=\"https:\/\/www.caririemacao.com\/1\/wp-content\/uploads\/2018\/12\/AMPARO-LIGADO-CARIRI-EM-A\u00c7\u00c3O-5-300x200.jpg 300w, https:\/\/www.caririemacao.com\/1\/wp-content\/uploads\/2018\/12\/AMPARO-LIGADO-CARIRI-EM-A\u00c7\u00c3O-5.jpg 640w\" data-sizes=\"(max-width: 300px) 100vw, 300px\" src=\"data:image\/svg+xml;base64,PHN2ZyB3aWR0aD0iMSIgaGVpZ2h0PSIxIiB4bWxucz0iaHR0cDovL3d3dy53My5vcmcvMjAwMC9zdmciPjwvc3ZnPg==\" style=\"--smush-placeholder-width: 300px; --smush-placeholder-aspect-ratio: 300\/200;\" \/> \u00a0<img decoding=\"async\" class=\"alignnone size-medium wp-image-77527 lazyload\" data-src=\"http:\/\/www.caririemacao.com\/1\/wp-content\/uploads\/2018\/12\/AMPARO-LIGADO-CARIRI-EM-A\u00c7\u00c3O-3-300x200.jpg\" alt=\"\" width=\"300\" height=\"200\" data-srcset=\"https:\/\/www.caririemacao.com\/1\/wp-content\/uploads\/2018\/12\/AMPARO-LIGADO-CARIRI-EM-A\u00c7\u00c3O-3-300x200.jpg 300w, https:\/\/www.caririemacao.com\/1\/wp-content\/uploads\/2018\/12\/AMPARO-LIGADO-CARIRI-EM-A\u00c7\u00c3O-3.jpg 640w\" data-sizes=\"(max-width: 300px) 100vw, 300px\" src=\"data:image\/svg+xml;base64,PHN2ZyB3aWR0aD0iMSIgaGVpZ2h0PSIxIiB4bWxucz0iaHR0cDovL3d3dy53My5vcmcvMjAwMC9zdmciPjwvc3ZnPg==\" style=\"--smush-placeholder-width: 300px; --smush-placeholder-aspect-ratio: 300\/200;\" \/> <img decoding=\"async\" class=\"alignnone size-medium wp-image-77528 lazyload\" data-src=\"http:\/\/www.caririemacao.com\/1\/wp-content\/uploads\/2018\/12\/AMPARO-LIGADO-CARIRI-EM-A\u00c7\u00c3O-2-300x200.jpg\" alt=\"\" width=\"300\" height=\"200\" data-srcset=\"https:\/\/www.caririemacao.com\/1\/wp-content\/uploads\/2018\/12\/AMPARO-LIGADO-CARIRI-EM-A\u00c7\u00c3O-2-300x200.jpg 300w, https:\/\/www.caririemacao.com\/1\/wp-content\/uploads\/2018\/12\/AMPARO-LIGADO-CARIRI-EM-A\u00c7\u00c3O-2.jpg 640w\" data-sizes=\"(max-width: 300px) 100vw, 300px\" src=\"data:image\/svg+xml;base64,PHN2ZyB3aWR0aD0iMSIgaGVpZ2h0PSIxIiB4bWxucz0iaHR0cDovL3d3dy53My5vcmcvMjAwMC9zdmciPjwvc3ZnPg==\" style=\"--smush-placeholder-width: 300px; --smush-placeholder-aspect-ratio: 300\/200;\" \/> <img decoding=\"async\" class=\"alignnone size-medium wp-image-77529 lazyload\" data-src=\"http:\/\/www.caririemacao.com\/1\/wp-content\/uploads\/2018\/12\/AMPARO-LIGADO-CARIRI-EM-A\u00c7\u00c3O-1-300x200.jpg\" alt=\"\" width=\"300\" height=\"200\" data-srcset=\"https:\/\/www.caririemacao.com\/1\/wp-content\/uploads\/2018\/12\/AMPARO-LIGADO-CARIRI-EM-A\u00c7\u00c3O-1-300x200.jpg 300w, https:\/\/www.caririemacao.com\/1\/wp-content\/uploads\/2018\/12\/AMPARO-LIGADO-CARIRI-EM-A\u00c7\u00c3O-1.jpg 640w\" data-sizes=\"(max-width: 300px) 100vw, 300px\" src=\"data:image\/svg+xml;base64,PHN2ZyB3aWR0aD0iMSIgaGVpZ2h0PSIxIiB4bWxucz0iaHR0cDovL3d3dy53My5vcmcvMjAwMC9zdmciPjwvc3ZnPg==\" style=\"--smush-placeholder-width: 300px; --smush-placeholder-aspect-ratio: 300\/200;\" \/> <img decoding=\"async\" class=\"alignnone size-medium wp-image-77530 lazyload\" data-src=\"http:\/\/www.caririemacao.com\/1\/wp-content\/uploads\/2018\/12\/AMPARO-LIGADO-CARIRI-EM-A\u00c7\u00c3O-16-300x200.jpg\" alt=\"\" width=\"300\" height=\"200\" data-srcset=\"https:\/\/www.caririemacao.com\/1\/wp-content\/uploads\/2018\/12\/AMPARO-LIGADO-CARIRI-EM-A\u00c7\u00c3O-16-300x200.jpg 300w, https:\/\/www.caririemacao.com\/1\/wp-content\/uploads\/2018\/12\/AMPARO-LIGADO-CARIRI-EM-A\u00c7\u00c3O-16.jpg 640w\" data-sizes=\"(max-width: 300px) 100vw, 300px\" src=\"data:image\/svg+xml;base64,PHN2ZyB3aWR0aD0iMSIgaGVpZ2h0PSIxIiB4bWxucz0iaHR0cDovL3d3dy53My5vcmcvMjAwMC9zdmciPjwvc3ZnPg==\" style=\"--smush-placeholder-width: 300px; --smush-placeholder-aspect-ratio: 300\/200;\" \/> <img decoding=\"async\" class=\"alignnone size-medium wp-image-77531 lazyload\" data-src=\"http:\/\/www.caririemacao.com\/1\/wp-content\/uploads\/2018\/12\/AMPARO-LIGADO-CARIRI-EM-A\u00c7\u00c3O-6-300x200.jpg\" alt=\"\" width=\"300\" height=\"200\" data-srcset=\"https:\/\/www.caririemacao.com\/1\/wp-content\/uploads\/2018\/12\/AMPARO-LIGADO-CARIRI-EM-A\u00c7\u00c3O-6-300x200.jpg 300w, https:\/\/www.caririemacao.com\/1\/wp-content\/uploads\/2018\/12\/AMPARO-LIGADO-CARIRI-EM-A\u00c7\u00c3O-6.jpg 640w\" data-sizes=\"(max-width: 300px) 100vw, 300px\" src=\"data:image\/svg+xml;base64,PHN2ZyB3aWR0aD0iMSIgaGVpZ2h0PSIxIiB4bWxucz0iaHR0cDovL3d3dy53My5vcmcvMjAwMC9zdmciPjwvc3ZnPg==\" style=\"--smush-placeholder-width: 300px; --smush-placeholder-aspect-ratio: 300\/200;\" \/><\/p>\n","protected":false},"excerpt":{"rendered":"<p>Na sua 6\u00aa Edi\u00e7\u00e3o, o Pr\u00eamio Refer\u00eancia, realizado pelo Portal de Not\u00edcias Cariri em A\u00e7\u00e3o no ultimo s\u00e1bado (15 de dezembro), em Monteiro, mais uma&hellip; <\/p>\n","protected":false},"author":2,"featured_media":77519,"comment_status":"closed","ping_status":"closed","sticky":false,"template":"","format":"standard","meta":{"sfsi_plus_gutenberg_text_before_share":"","sfsi_plus_gutenberg_show_text_before_share":"","sfsi_plus_gutenberg_icon_type":"","sfsi_plus_gutenberg_icon_alignemt":"","sfsi_plus_gutenburg_max_per_row":"","footnotes":""},"categories":[6],"tags":[],"class_list":["post-77518","post","type-post","status-publish","format-standard","has-post-thumbnail","hentry","category-cidades"],"_links":{"self":[{"href":"https:\/\/www.caririemacao.com\/1\/wp-json\/wp\/v2\/posts\/77518","targetHints":{"allow":["GET"]}}],"collection":[{"href":"https:\/\/www.caririemacao.com\/1\/wp-json\/wp\/v2\/posts"}],"about":[{"href":"https:\/\/www.caririemacao.com\/1\/wp-json\/wp\/v2\/types\/post"}],"author":[{"embeddable":true,"href":"https:\/\/www.caririemacao.com\/1\/wp-json\/wp\/v2\/users\/2"}],"replies":[{"embeddable":true,"href":"https:\/\/www.caririemacao.com\/1\/wp-json\/wp\/v2\/comments?post=77518"}],"version-history":[{"count":1,"href":"https:\/\/www.caririemacao.com\/1\/wp-json\/wp\/v2\/posts\/77518\/revisions"}],"predecessor-version":[{"id":77536,"href":"https:\/\/www.caririemacao.com\/1\/wp-json\/wp\/v2\/posts\/77518\/revisions\/77536"}],"wp:featuredmedia":[{"embeddable":true,"href":"https:\/\/www.caririemacao.com\/1\/wp-json\/wp\/v2\/media\/77519"}],"wp:attachment":[{"href":"https:\/\/www.caririemacao.com\/1\/wp-json\/wp\/v2\/media?parent=77518"}],"wp:term":[{"taxonomy":"category","embeddable":true,"href":"https:\/\/www.caririemacao.com\/1\/wp-json\/wp\/v2\/categories?post=77518"},{"taxonomy":"post_tag","embeddable":true,"href":"https:\/\/www.caririemacao.com\/1\/wp-json\/wp\/v2\/tags?post=77518"}],"curies":[{"name":"wp","href":"https:\/\/api.w.org\/{rel}","templated":true}]}}