{"id":77523,"date":"2018-12-20T13:47:48","date_gmt":"2018-12-20T16:47:48","guid":{"rendered":"http:\/\/www.caririemacao.com\/1\/?p=77523"},"modified":"2018-12-20T13:47:48","modified_gmt":"2018-12-20T16:47:48","slug":"toffoli-cedeu-a-um-motim-judicial-afirma-pt-em-nota","status":"publish","type":"post","link":"https:\/\/www.caririemacao.com\/1\/2018\/12\/20\/toffoli-cedeu-a-um-motim-judicial-afirma-pt-em-nota\/","title":{"rendered":"Toffoli cedeu a um \u2018motim judicial\u2019, afirma PT em nota"},"content":{"rendered":"<p>O PT (Partido dos Trabalhadores) afirmou nesta quarta-feira (20) que o ministro Dias Toffoli (foto), presidente do STF (Supremo Tribunal Federal), cedeu a um \u201cverdadeiro motim judicial\u201d ao suspender a liminar do ministro Marco Aur\u00e9lio de Mello que determinava a liberta\u00e7\u00e3o de presos em segunda inst\u00e2ncia, como o ex-presidente Lula.<\/p>\n<p>\u201cAo revogar, de forma sem precedentes, a liminar do ministro Marco Aur\u00e9lio, o presidente do STF, Dias Toffoli, cedeu a um verdadeiro motim judicial, com um claro vi\u00e9s pol\u00edtico-partid\u00e1rio\u201d, disse o partido em nota.<\/p>\n<p>\u201cA decis\u00e3o tomada \u00e0s pressas e com prec\u00e1ria base institucional demonstra claramente o alinhamento da presid\u00eancia do Supremo, desde C\u00e1rmen L\u00facia, com solu\u00e7\u00f5es autorit\u00e1rias que atendem ao objetivo de calar a voz de Lula no cen\u00e1rio pol\u00edtico brasileiro.\u201d<\/p>\n<p>A legenda ainda citou reportagem do UOL, portal do Grupo Folha, que afirma que o Alto Comando do Ex\u00e9rcito se reuniu em videoconfer\u00eancia ap\u00f3s a decis\u00e3o provis\u00f3ria de Mello para ponderar sobre os eventuais impactos da libera\u00e7\u00e3o do ex-presidente.<\/p>\n<p>A reuni\u00e3o, na avalia\u00e7\u00e3o do PT, demonstra a tutela das For\u00e7as Armadas sobre o STF.<\/p>\n<p>\u201cA imprensa informa que a revoga\u00e7\u00e3o da liminar do ministro Marco Aur\u00e9lio foi precedida de uma reuni\u00e3o do Alto Comando do Ex\u00e9rcito para a avaliar as consequ\u00eancias de uma eventual liberta\u00e7\u00e3o de Lula. Recorde-se que o comandante do Ex\u00e9rcito, general Villas B\u00f4as fez uma manifesta\u00e7\u00e3o indevida e hierarquicamente inadmiss\u00edvel ao STF na v\u00e9spera do julgamento de um HC [habeas corpus] em favor de Lula. Os dois epis\u00f3dios sugerem uma tutela inconstitucional das For\u00e7as Armadas sobre a mais alta corte de Justi\u00e7a.\u201d<\/p>\n<p>Segundo a nota, assinada pela executiva nacional do partido, a ordem de Mello era \u201cinquestion\u00e1vel\u201d.<\/p>\n<p>\u201cA procuradora-geral da Rep\u00fablica, Raquel Dodge, rebelou-se contra a Justi\u00e7a e requereu a suspens\u00e3o da liminar (o que n\u00e3o tem precedentes), e o fez especificamente em rela\u00e7\u00e3o ao cidad\u00e3o Luiz In\u00e1cio Lula da Silva, e somente a Lula, sendo que a decis\u00e3o do ministro Marco Aur\u00e9lio dirigia-se indistintamente a todos que cumprem pris\u00e3o antecipada antes do tr\u00e2nsito em julgado.\u201d<\/p>\n<p>O texto afirma que os abusos contra o ex-presidente ser\u00e3o denunciados internacionalmente, no Comit\u00ea de Direitos Humanos da ONU (Organiza\u00e7\u00e3o das Na\u00e7\u00f5es Unidas).<\/p>\n<p>&nbsp;<\/p>\n<p>FolhaPress<\/p>\n","protected":false},"excerpt":{"rendered":"<p>O PT (Partido dos Trabalhadores) afirmou nesta quarta-feira (20) que o ministro Dias Toffoli (foto), presidente do STF (Supremo Tribunal Federal), cedeu a um \u201cverdadeiro&hellip; <\/p>\n","protected":false},"author":1,"featured_media":60584,"comment_status":"closed","ping_status":"closed","sticky":false,"template":"","format":"standard","meta":{"sfsi_plus_gutenberg_text_before_share":"","sfsi_plus_gutenberg_show_text_before_share":"","sfsi_plus_gutenberg_icon_type":"","sfsi_plus_gutenberg_icon_alignemt":"","sfsi_plus_gutenburg_max_per_row":"","footnotes":""},"categories":[11],"tags":[],"class_list":["post-77523","post","type-post","status-publish","format-standard","has-post-thumbnail","hentry","category-politica"],"_links":{"self":[{"href":"https:\/\/www.caririemacao.com\/1\/wp-json\/wp\/v2\/posts\/77523","targetHints":{"allow":["GET"]}}],"collection":[{"href":"https:\/\/www.caririemacao.com\/1\/wp-json\/wp\/v2\/posts"}],"about":[{"href":"https:\/\/www.caririemacao.com\/1\/wp-json\/wp\/v2\/types\/post"}],"author":[{"embeddable":true,"href":"https:\/\/www.caririemacao.com\/1\/wp-json\/wp\/v2\/users\/1"}],"replies":[{"embeddable":true,"href":"https:\/\/www.caririemacao.com\/1\/wp-json\/wp\/v2\/comments?post=77523"}],"version-history":[{"count":1,"href":"https:\/\/www.caririemacao.com\/1\/wp-json\/wp\/v2\/posts\/77523\/revisions"}],"predecessor-version":[{"id":77532,"href":"https:\/\/www.caririemacao.com\/1\/wp-json\/wp\/v2\/posts\/77523\/revisions\/77532"}],"wp:featuredmedia":[{"embeddable":true,"href":"https:\/\/www.caririemacao.com\/1\/wp-json\/wp\/v2\/media\/60584"}],"wp:attachment":[{"href":"https:\/\/www.caririemacao.com\/1\/wp-json\/wp\/v2\/media?parent=77523"}],"wp:term":[{"taxonomy":"category","embeddable":true,"href":"https:\/\/www.caririemacao.com\/1\/wp-json\/wp\/v2\/categories?post=77523"},{"taxonomy":"post_tag","embeddable":true,"href":"https:\/\/www.caririemacao.com\/1\/wp-json\/wp\/v2\/tags?post=77523"}],"curies":[{"name":"wp","href":"https:\/\/api.w.org\/{rel}","templated":true}]}}