{"id":77538,"date":"2018-12-20T13:57:54","date_gmt":"2018-12-20T16:57:54","guid":{"rendered":"http:\/\/www.caririemacao.com\/1\/?p=77538"},"modified":"2018-12-20T13:57:54","modified_gmt":"2018-12-20T16:57:54","slug":"festa-do-distrito-de-cacimbinha-em-sao-joao-do-tigre-tera-walkyria-santos","status":"publish","type":"post","link":"https:\/\/www.caririemacao.com\/1\/2018\/12\/20\/festa-do-distrito-de-cacimbinha-em-sao-joao-do-tigre-tera-walkyria-santos\/","title":{"rendered":"Festa do Distrito de Cacimbinha em S\u00e3o Jo\u00e3o do Tigre ter\u00e1 Walkyria Santos"},"content":{"rendered":"<p style=\"font-weight: 400;\">Uma das festas mais tradicionais de todo o Cariri, teve sua programa\u00e7\u00e3o confirmada nesta quinta feira, e mais uma vez contar\u00e1 com uma grande atra\u00e7\u00e3o.<\/p>\n<p style=\"font-weight: 400;\">Walkyria Santos ser\u00e1 a principal atra\u00e7\u00e3o da festa do padroeiro S Sebasti\u00e3o no Distrito de Cacimbinha.<\/p>\n<p style=\"font-weight: 400;\">A informa\u00e7\u00e3o foi confirmada na manha desta quinta feira, pelo secret\u00e1rio de finan\u00e7as M\u00e1rcio Leite nas redes sociais.<\/p>\n<p style=\"font-weight: 400;\">\u201cO secret\u00e1rio Luc\u00e9lio Marchi, e o prefeito C\u00e9lio est\u00e3o mantendo entendimentos junto conosco para fecharmos o restante da programa\u00e7\u00e3o, e ainda teremos outras novidades para anunciar\u201d, disse o secret\u00e1rio M\u00e1rcio.<\/p>\n<p style=\"font-weight: 400;\">Walkyria Santos \u00e9 uma das artistas mais conceituadas do Nordeste e do pa\u00eds. Com passagens em bandas de sucesso como Magn\u00edficos\u00a0\u00a0e Solteir\u00f5es do Forr\u00f3.<\/p>\n<p style=\"font-weight: 400;\">\u00c9 a segunda vez que ela atua em carreira solo, sendo uma das artistas com agenda mais solicitada de todo o cen\u00e1rio musical, com repert\u00f3rio que agrada a todos, composto por grandes sucessos do forr\u00f3 rom\u00e2ntico e outros ritmos que incendeiam a anima\u00e7\u00e3o do p\u00fablico.<\/p>\n<p style=\"font-weight: 400;\"><strong>F\u00c1BIO BRITO<\/strong><\/p>\n","protected":false},"excerpt":{"rendered":"<p>Uma das festas mais tradicionais de todo o Cariri, teve sua programa\u00e7\u00e3o confirmada nesta quinta feira, e mais uma vez contar\u00e1 com uma grande atra\u00e7\u00e3o.&hellip; <\/p>\n","protected":false},"author":1,"featured_media":77539,"comment_status":"closed","ping_status":"closed","sticky":false,"template":"","format":"standard","meta":{"sfsi_plus_gutenberg_text_before_share":"","sfsi_plus_gutenberg_show_text_before_share":"","sfsi_plus_gutenberg_icon_type":"","sfsi_plus_gutenberg_icon_alignemt":"","sfsi_plus_gutenburg_max_per_row":"","footnotes":""},"categories":[6],"tags":[],"class_list":["post-77538","post","type-post","status-publish","format-standard","has-post-thumbnail","hentry","category-cidades"],"_links":{"self":[{"href":"https:\/\/www.caririemacao.com\/1\/wp-json\/wp\/v2\/posts\/77538","targetHints":{"allow":["GET"]}}],"collection":[{"href":"https:\/\/www.caririemacao.com\/1\/wp-json\/wp\/v2\/posts"}],"about":[{"href":"https:\/\/www.caririemacao.com\/1\/wp-json\/wp\/v2\/types\/post"}],"author":[{"embeddable":true,"href":"https:\/\/www.caririemacao.com\/1\/wp-json\/wp\/v2\/users\/1"}],"replies":[{"embeddable":true,"href":"https:\/\/www.caririemacao.com\/1\/wp-json\/wp\/v2\/comments?post=77538"}],"version-history":[{"count":1,"href":"https:\/\/www.caririemacao.com\/1\/wp-json\/wp\/v2\/posts\/77538\/revisions"}],"predecessor-version":[{"id":77540,"href":"https:\/\/www.caririemacao.com\/1\/wp-json\/wp\/v2\/posts\/77538\/revisions\/77540"}],"wp:featuredmedia":[{"embeddable":true,"href":"https:\/\/www.caririemacao.com\/1\/wp-json\/wp\/v2\/media\/77539"}],"wp:attachment":[{"href":"https:\/\/www.caririemacao.com\/1\/wp-json\/wp\/v2\/media?parent=77538"}],"wp:term":[{"taxonomy":"category","embeddable":true,"href":"https:\/\/www.caririemacao.com\/1\/wp-json\/wp\/v2\/categories?post=77538"},{"taxonomy":"post_tag","embeddable":true,"href":"https:\/\/www.caririemacao.com\/1\/wp-json\/wp\/v2\/tags?post=77538"}],"curies":[{"name":"wp","href":"https:\/\/api.w.org\/{rel}","templated":true}]}}