{"id":77558,"date":"2018-12-20T16:06:01","date_gmt":"2018-12-20T19:06:01","guid":{"rendered":"http:\/\/www.caririemacao.com\/1\/?p=77558"},"modified":"2018-12-20T16:06:01","modified_gmt":"2018-12-20T19:06:01","slug":"professora-do-cariri-e-contemplada-com-o-premio-mestres-da-educacao-2018","status":"publish","type":"post","link":"https:\/\/www.caririemacao.com\/1\/2018\/12\/20\/professora-do-cariri-e-contemplada-com-o-premio-mestres-da-educacao-2018\/","title":{"rendered":"Professora do Cariri \u00e9 contemplada com o Pr\u00eamio Mestres da Educa\u00e7\u00e3o 2018"},"content":{"rendered":"<p>O Governo da Para\u00edba, por meio da Secretaria de Estado da Educa\u00e7\u00e3o, divulgou nesta quinta-feira (20) o resultado dos pr\u00eamios Mestres da Educa\u00e7\u00e3o e Escola de Valor \u2013 2018.<\/p>\n<p>Dentre os ganhadores est\u00e1 a professora Vyrna Gaud\u00eancio da Escola Estadual Jornalista Jos\u00e9 Leal Ramos, em S\u00e3o Jo\u00e3o do Cariri, que apresentou o projeto \u201cSomos protagonistas da hist\u00f3ria: viv\u00eancias no cotidiano prisional.<\/p>\n<p>O projeto trouxe prop\u00f3sitos para transformar as vidas de alguns detentos na Cadeia P\u00fablica de S\u00e3o Jo\u00e3o do Cariri, onde proporcionou aos alunos todo o dinamismo de se reconhecerem protagonistas, de se tornarem bons em tudo que descobrem atrav\u00e9s do conhecimento. \u201cPara que aconte\u00e7am mudan\u00e7as, devemos est\u00e1 aberto ao novo, trabalhar projetos efetivos, pois todos despertam suas habilidades, tornando-se capazes de desenvolver, atrav\u00e9s do conhecimento adquirido\u201d, comentou.<\/p>\n<p>Vyrna lembrou que a escola est\u00e1 no caminho certo porque conseguiu apresentar mais 03 projetos vitoriosos:<\/p>\n<p>Literatura em cordel da professora Roberta Brand\u00e3o<\/p>\n<p>Hortas educativas no contexto prisional com o professor T\u00e9rcio Dias<\/p>\n<p>Minibiblioteca com leitura m\u00f3vel com a professora Katiane Lucena<\/p>\n<p>A professora Vyrna lembrou que nada se faz sozinho e que o programa educa\u00e7\u00e3o em pris\u00e3o em S\u00e3o Jo\u00e3o do Cariri iniciou em 2013, atrav\u00e9s do vereador George Aquino que pensa no novo, que acredita na educa\u00e7\u00e3o como meio para transforma\u00e7\u00e3o.<\/p>\n<p>Ela tamb\u00e9m comentou que para a realiza\u00e7\u00e3o desse projeto foram essenciais do diretor do Cariri em A\u00e7\u00e3o, Marivaldo Alc\u00e2ntara, e sua equipe, aos seus alunos protagonistas e aqueles que mesmo distantes est\u00e3o sempre dispon\u00edveis a ajudar com a educa\u00e7\u00e3o.<\/p>\n<p>\u201cCompreendemos que ser professor exige t\u00e9cnica, mas nada se transforma sem sensibilidade e compromisso. J\u00e1 s\u00e3o 7 anos trabalhando projetos, entre eles, nas unidades prisionais em Jo\u00e3o Pessoa\u201d, finalizou a professora Vyrna Gaud\u00eancio<\/p>\n<p style=\"text-align: right;\"><em><strong>Reda\u00e7\u00e3o Cariri em A\u00e7\u00e3o\u00a0<\/strong><\/em><\/p>\n","protected":false},"excerpt":{"rendered":"<p>O Governo da Para\u00edba, por meio da Secretaria de Estado da Educa\u00e7\u00e3o, divulgou nesta quinta-feira (20) o resultado dos pr\u00eamios Mestres da Educa\u00e7\u00e3o e Escola&hellip; <\/p>\n","protected":false},"author":1,"featured_media":77559,"comment_status":"closed","ping_status":"closed","sticky":false,"template":"","format":"standard","meta":{"sfsi_plus_gutenberg_text_before_share":"","sfsi_plus_gutenberg_show_text_before_share":"","sfsi_plus_gutenberg_icon_type":"","sfsi_plus_gutenberg_icon_alignemt":"","sfsi_plus_gutenburg_max_per_row":"","footnotes":""},"categories":[6,50],"tags":[],"class_list":["post-77558","post","type-post","status-publish","format-standard","has-post-thumbnail","hentry","category-cidades","category-destaque"],"_links":{"self":[{"href":"https:\/\/www.caririemacao.com\/1\/wp-json\/wp\/v2\/posts\/77558","targetHints":{"allow":["GET"]}}],"collection":[{"href":"https:\/\/www.caririemacao.com\/1\/wp-json\/wp\/v2\/posts"}],"about":[{"href":"https:\/\/www.caririemacao.com\/1\/wp-json\/wp\/v2\/types\/post"}],"author":[{"embeddable":true,"href":"https:\/\/www.caririemacao.com\/1\/wp-json\/wp\/v2\/users\/1"}],"replies":[{"embeddable":true,"href":"https:\/\/www.caririemacao.com\/1\/wp-json\/wp\/v2\/comments?post=77558"}],"version-history":[{"count":1,"href":"https:\/\/www.caririemacao.com\/1\/wp-json\/wp\/v2\/posts\/77558\/revisions"}],"predecessor-version":[{"id":77560,"href":"https:\/\/www.caririemacao.com\/1\/wp-json\/wp\/v2\/posts\/77558\/revisions\/77560"}],"wp:featuredmedia":[{"embeddable":true,"href":"https:\/\/www.caririemacao.com\/1\/wp-json\/wp\/v2\/media\/77559"}],"wp:attachment":[{"href":"https:\/\/www.caririemacao.com\/1\/wp-json\/wp\/v2\/media?parent=77558"}],"wp:term":[{"taxonomy":"category","embeddable":true,"href":"https:\/\/www.caririemacao.com\/1\/wp-json\/wp\/v2\/categories?post=77558"},{"taxonomy":"post_tag","embeddable":true,"href":"https:\/\/www.caririemacao.com\/1\/wp-json\/wp\/v2\/tags?post=77558"}],"curies":[{"name":"wp","href":"https:\/\/api.w.org\/{rel}","templated":true}]}}