{"id":77575,"date":"2018-12-20T17:32:40","date_gmt":"2018-12-20T20:32:40","guid":{"rendered":"http:\/\/www.caririemacao.com\/1\/?p=77575"},"modified":"2018-12-20T17:32:40","modified_gmt":"2018-12-20T20:32:40","slug":"docentes-da-unidade-prisional-da-sao-joao-do-cariri-sao-contemplados-com-premio-mestres-da-educacao","status":"publish","type":"post","link":"https:\/\/www.caririemacao.com\/1\/2018\/12\/20\/docentes-da-unidade-prisional-da-sao-joao-do-cariri-sao-contemplados-com-premio-mestres-da-educacao\/","title":{"rendered":"Docentes da unidade prisional da S\u00e3o Jo\u00e3o do Cariri s\u00e3o contemplados com Pr\u00eamio Mestres da Educa\u00e7\u00e3o"},"content":{"rendered":"<p>O Governo da Para\u00edba, por meio da Secretaria de Estado da Educa\u00e7\u00e3o, divulgou nesta quinta-feira (20) o resultado dos pr\u00eamios Mestres da Educa\u00e7\u00e3o e Escola de Valor \u2013 2018.<br \/>\nNa cidade de S\u00e3o Jo\u00e3o do Cariri foram comtemplados com o Pr\u00eamio Mestres da Educa\u00e7\u00e3o os professores Tercio Dias, Roberta Brand\u00e3o, Vyrna Gaud\u00eancio e Katiane Lucena, professores da unidade prisional do munic\u00edpio.<br \/>\nOs professores possuem uma forma din\u00e2mica de educar por meio de projetos, tornando os pr\u00f3prios reeducandos protagonistas, aut\u00f4nomos de suas habilidades e assim comprometidos com a mudan\u00e7a de vida dos mesmos.<br \/>\nOs projetos premiados foram os projetos de literatura da professora de l\u00edngua portuguesa, Roberta Brand\u00e3o, que desenvolveu o projeto voltado \u00e0 literatura em cordel, buscando nas linhas da poesia sua realidade de cada aluno.<br \/>\nA pedagoga, Katiane Lucena, desenvolveu o projeto que deu destaque a import\u00e2ncia do conhecimento e do aprendizado no contexto prisional, denominado de \u201cMinibiblioteca, Caixa m\u00f3vel de leitura\u201d.<br \/>\nO professor de ci\u00eancias biol\u00f3gicas, T\u00e9rcio Dias desenvolveu durante o ano letivo o projeto \u201cHortas educativas no contexto prisional, plantando para colher um fruto melhor\u201d.<br \/>\nPor fim, a professora de ci\u00eancias humanas e sociais, Vyrna Gaud\u00eancio, executou o projeto \u201cSomos protagonistas da hist\u00f3ria. Viv\u00eancias no cotidiano prisional\u201d.<br \/>\nOs professores al\u00e9m de dedicarem o momento as alunos e familiares tamb\u00e9m agradeceram os agentes penitenci\u00e1rios, ao governador Ricardo Coutinho, e ao vereador George Aquino, e a equipe do Cariri em A\u00e7\u00e3o, que ajudaram a construir essa historia provando que \u00e9 poss\u00edvel a mudan\u00e7as social dos detentos.<br \/>\nO projeto educativo destinado \u00e0 educa\u00e7\u00e3o no dos internos da cadeia p\u00fablica de S\u00e3o Jo\u00e3o do Cariri foi iniciado em 2013, por iniciativa do vereador George Aquino. &#8216;Este pr\u00eamio demostra todo o desempenho e compromisso dos professores com a educa\u00e7\u00e3o prisional.<\/p>\n<p>&nbsp;<\/p>\n<p>Cariri em A\u00e7\u00e3o<\/p>\n","protected":false},"excerpt":{"rendered":"<p>O Governo da Para\u00edba, por meio da Secretaria de Estado da Educa\u00e7\u00e3o, divulgou nesta quinta-feira (20) o resultado dos pr\u00eamios Mestres da Educa\u00e7\u00e3o e Escola&hellip; <\/p>\n","protected":false},"author":1,"featured_media":77543,"comment_status":"closed","ping_status":"closed","sticky":false,"template":"","format":"standard","meta":{"sfsi_plus_gutenberg_text_before_share":"","sfsi_plus_gutenberg_show_text_before_share":"","sfsi_plus_gutenberg_icon_type":"","sfsi_plus_gutenberg_icon_alignemt":"","sfsi_plus_gutenburg_max_per_row":"","footnotes":""},"categories":[2],"tags":[],"class_list":["post-77575","post","type-post","status-publish","format-standard","has-post-thumbnail","hentry","category-geral"],"_links":{"self":[{"href":"https:\/\/www.caririemacao.com\/1\/wp-json\/wp\/v2\/posts\/77575","targetHints":{"allow":["GET"]}}],"collection":[{"href":"https:\/\/www.caririemacao.com\/1\/wp-json\/wp\/v2\/posts"}],"about":[{"href":"https:\/\/www.caririemacao.com\/1\/wp-json\/wp\/v2\/types\/post"}],"author":[{"embeddable":true,"href":"https:\/\/www.caririemacao.com\/1\/wp-json\/wp\/v2\/users\/1"}],"replies":[{"embeddable":true,"href":"https:\/\/www.caririemacao.com\/1\/wp-json\/wp\/v2\/comments?post=77575"}],"version-history":[{"count":1,"href":"https:\/\/www.caririemacao.com\/1\/wp-json\/wp\/v2\/posts\/77575\/revisions"}],"predecessor-version":[{"id":77577,"href":"https:\/\/www.caririemacao.com\/1\/wp-json\/wp\/v2\/posts\/77575\/revisions\/77577"}],"wp:featuredmedia":[{"embeddable":true,"href":"https:\/\/www.caririemacao.com\/1\/wp-json\/wp\/v2\/media\/77543"}],"wp:attachment":[{"href":"https:\/\/www.caririemacao.com\/1\/wp-json\/wp\/v2\/media?parent=77575"}],"wp:term":[{"taxonomy":"category","embeddable":true,"href":"https:\/\/www.caririemacao.com\/1\/wp-json\/wp\/v2\/categories?post=77575"},{"taxonomy":"post_tag","embeddable":true,"href":"https:\/\/www.caririemacao.com\/1\/wp-json\/wp\/v2\/tags?post=77575"}],"curies":[{"name":"wp","href":"https:\/\/api.w.org\/{rel}","templated":true}]}}