{"id":77580,"date":"2018-12-20T18:51:43","date_gmt":"2018-12-20T21:51:43","guid":{"rendered":"http:\/\/www.caririemacao.com\/1\/?p=77580"},"modified":"2018-12-20T18:51:43","modified_gmt":"2018-12-20T21:51:43","slug":"2a-edicao-da-cantata-natalina-foi-realizada-em-amparo-na-noite-desta-quarta-feira","status":"publish","type":"post","link":"https:\/\/www.caririemacao.com\/1\/2018\/12\/20\/2a-edicao-da-cantata-natalina-foi-realizada-em-amparo-na-noite-desta-quarta-feira\/","title":{"rendered":"2\u00aa Edi\u00e7\u00e3o da Cantata Natalina foi realizada em Amparo na noite desta quarta-feira"},"content":{"rendered":"<p><img fetchpriority=\"high\" decoding=\"async\" class=\"alignnone size-full wp-image-77585\" src=\"http:\/\/www.caririemacao.com\/1\/wp-content\/uploads\/2018\/12\/AMPARO-LIGADO-CANTATA-NATALINA-2018-376.JPG.jpg\" alt=\"\" width=\"280\" height=\"185\" \/><\/p>\n<p>A Prefeitura Municipal de Amparo atrav\u00e9s da Secretaria de Assist\u00eancia Social esteve realizando na noite desta quarta-feira (19) a 2\u00aa Edi\u00e7\u00e3o da Cantata Natalina, a prefeitura j\u00e1 havia realizado o evento ano passado e em 2019 trouxe mais apresenta\u00e7\u00f5es do que na primeira edi\u00e7\u00e3o.<br \/>\nO evento foi realizado na Cal\u00e7ada da Igreja S\u00e3o Sebasti\u00e3o e contou com a presen\u00e7a de uma multid\u00e3o.<br \/>\nApresentaram-se alunos que fazem parte das oficinas de Futsal, de Bal\u00e9, de Flauta, do Grupo dos Idosos, da Capoeira, al\u00e9m da Banda de M\u00fasica 29 de Abril e tamb\u00e9m do Coral da Escola Professor Jos\u00e9 Gon\u00e7alves de Queiroz da cidade de Sum\u00e9.<br \/>\nFoi um evento muito bonito e organizado, toda a popula\u00e7\u00e3o que se fez presente ficou muito satisfeita com o que viu.<\/p>\n<p>&nbsp;<\/p>\n<p>Ascom\/Amparo<\/p>\n","protected":false},"excerpt":{"rendered":"<p>A Prefeitura Municipal de Amparo atrav\u00e9s da Secretaria de Assist\u00eancia Social esteve realizando na noite desta quarta-feira (19) a 2\u00aa Edi\u00e7\u00e3o da Cantata Natalina, a&hellip; <\/p>\n","protected":false},"author":1,"featured_media":44125,"comment_status":"closed","ping_status":"closed","sticky":false,"template":"","format":"standard","meta":{"sfsi_plus_gutenberg_text_before_share":"","sfsi_plus_gutenberg_show_text_before_share":"","sfsi_plus_gutenberg_icon_type":"","sfsi_plus_gutenberg_icon_alignemt":"","sfsi_plus_gutenburg_max_per_row":"","footnotes":""},"categories":[6],"tags":[],"class_list":["post-77580","post","type-post","status-publish","format-standard","has-post-thumbnail","hentry","category-cidades"],"_links":{"self":[{"href":"https:\/\/www.caririemacao.com\/1\/wp-json\/wp\/v2\/posts\/77580","targetHints":{"allow":["GET"]}}],"collection":[{"href":"https:\/\/www.caririemacao.com\/1\/wp-json\/wp\/v2\/posts"}],"about":[{"href":"https:\/\/www.caririemacao.com\/1\/wp-json\/wp\/v2\/types\/post"}],"author":[{"embeddable":true,"href":"https:\/\/www.caririemacao.com\/1\/wp-json\/wp\/v2\/users\/1"}],"replies":[{"embeddable":true,"href":"https:\/\/www.caririemacao.com\/1\/wp-json\/wp\/v2\/comments?post=77580"}],"version-history":[{"count":1,"href":"https:\/\/www.caririemacao.com\/1\/wp-json\/wp\/v2\/posts\/77580\/revisions"}],"predecessor-version":[{"id":77586,"href":"https:\/\/www.caririemacao.com\/1\/wp-json\/wp\/v2\/posts\/77580\/revisions\/77586"}],"wp:featuredmedia":[{"embeddable":true,"href":"https:\/\/www.caririemacao.com\/1\/wp-json\/wp\/v2\/media\/44125"}],"wp:attachment":[{"href":"https:\/\/www.caririemacao.com\/1\/wp-json\/wp\/v2\/media?parent=77580"}],"wp:term":[{"taxonomy":"category","embeddable":true,"href":"https:\/\/www.caririemacao.com\/1\/wp-json\/wp\/v2\/categories?post=77580"},{"taxonomy":"post_tag","embeddable":true,"href":"https:\/\/www.caririemacao.com\/1\/wp-json\/wp\/v2\/tags?post=77580"}],"curies":[{"name":"wp","href":"https:\/\/api.w.org\/{rel}","templated":true}]}}