{"id":77592,"date":"2018-12-20T22:43:07","date_gmt":"2018-12-21T01:43:07","guid":{"rendered":"http:\/\/www.caririemacao.com\/1\/?p=77592"},"modified":"2018-12-20T22:43:07","modified_gmt":"2018-12-21T01:43:07","slug":"homem-e-morto-a-tiros-na-noite-desta-quinta-em-bar-na-cidade-de-monteiro","status":"publish","type":"post","link":"https:\/\/www.caririemacao.com\/1\/2018\/12\/20\/homem-e-morto-a-tiros-na-noite-desta-quinta-em-bar-na-cidade-de-monteiro\/","title":{"rendered":"Homem \u00e9 morto a tiros na noite desta quinta em bar na cidade de Monteiro"},"content":{"rendered":"<div class=\"entry\">\n<p>Um homem\u00a0 foi morto a tiros em um bar no bairro da Vila Popular em Monteiro no Cariri Paraibano na noite de quinta-feira (20).<\/p>\n<p>Segundo informa\u00e7\u00f5es,\u00a0 a v\u00edtima era\u00a0 conhecido por \u201cLUX\u00daRIA\u201d o mesmo foi surpreendido por dois homens em uma moto. Os suspeitos do homic\u00eddio j\u00e1 chegaram atirando, a v\u00edtima n\u00e3o resistiu aos ferimentos e morreu no local.<\/p>\n<p>Ainda n\u00e3o se sabe qual a motiva\u00e7\u00e3o do crime nem qual o destino tomado pelos atiradores.<\/p>\n<\/div>\n<p>&nbsp;<\/p>\n","protected":false},"excerpt":{"rendered":"<p>Um homem\u00a0 foi morto a tiros em um bar no bairro da Vila Popular em Monteiro no Cariri Paraibano na noite de quinta-feira (20). Segundo&hellip; <\/p>\n","protected":false},"author":2,"featured_media":77593,"comment_status":"closed","ping_status":"closed","sticky":false,"template":"","format":"standard","meta":{"sfsi_plus_gutenberg_text_before_share":"","sfsi_plus_gutenberg_show_text_before_share":"","sfsi_plus_gutenberg_icon_type":"","sfsi_plus_gutenberg_icon_alignemt":"","sfsi_plus_gutenburg_max_per_row":"","footnotes":""},"categories":[50,12],"tags":[],"class_list":["post-77592","post","type-post","status-publish","format-standard","has-post-thumbnail","hentry","category-destaque","category-policia"],"_links":{"self":[{"href":"https:\/\/www.caririemacao.com\/1\/wp-json\/wp\/v2\/posts\/77592","targetHints":{"allow":["GET"]}}],"collection":[{"href":"https:\/\/www.caririemacao.com\/1\/wp-json\/wp\/v2\/posts"}],"about":[{"href":"https:\/\/www.caririemacao.com\/1\/wp-json\/wp\/v2\/types\/post"}],"author":[{"embeddable":true,"href":"https:\/\/www.caririemacao.com\/1\/wp-json\/wp\/v2\/users\/2"}],"replies":[{"embeddable":true,"href":"https:\/\/www.caririemacao.com\/1\/wp-json\/wp\/v2\/comments?post=77592"}],"version-history":[{"count":1,"href":"https:\/\/www.caririemacao.com\/1\/wp-json\/wp\/v2\/posts\/77592\/revisions"}],"predecessor-version":[{"id":77594,"href":"https:\/\/www.caririemacao.com\/1\/wp-json\/wp\/v2\/posts\/77592\/revisions\/77594"}],"wp:featuredmedia":[{"embeddable":true,"href":"https:\/\/www.caririemacao.com\/1\/wp-json\/wp\/v2\/media\/77593"}],"wp:attachment":[{"href":"https:\/\/www.caririemacao.com\/1\/wp-json\/wp\/v2\/media?parent=77592"}],"wp:term":[{"taxonomy":"category","embeddable":true,"href":"https:\/\/www.caririemacao.com\/1\/wp-json\/wp\/v2\/categories?post=77592"},{"taxonomy":"post_tag","embeddable":true,"href":"https:\/\/www.caririemacao.com\/1\/wp-json\/wp\/v2\/tags?post=77592"}],"curies":[{"name":"wp","href":"https:\/\/api.w.org\/{rel}","templated":true}]}}