{"id":77595,"date":"2018-12-20T22:47:09","date_gmt":"2018-12-21T01:47:09","guid":{"rendered":"http:\/\/www.caririemacao.com\/1\/?p=77595"},"modified":"2018-12-20T22:47:09","modified_gmt":"2018-12-21T01:47:09","slug":"agricultura-de-caraubas-distribuira-boletos-do-garantia-safra","status":"publish","type":"post","link":"https:\/\/www.caririemacao.com\/1\/2018\/12\/20\/agricultura-de-caraubas-distribuira-boletos-do-garantia-safra\/","title":{"rendered":"AGRICULTURA DE CARA\u00daBAS DISTRIBUIR\u00c1 BOLETOS DO GARANTIA SAFRA"},"content":{"rendered":"<div>A Prefeitura Municipal de Cara\u00fabas atrav\u00e9s da Secretaria da Agricultura distribuir\u00e1 nesta sexta-feira, dia 21\/12, na sede do Centro de Apoio ao Produtor Rural, pr\u00e9dio sede da Agricultura do munic\u00edpio, os boletos do Programa Garantia Safra 2018\/2019.<\/div>\n<div>De acordo com o secret\u00e1rio da agricultura, Rone Feitoza, o munic\u00edpio estava com dificuldades de conseguir a libera\u00e7\u00e3o das senhas de acesso ao sistema, mas gra\u00e7as a interven\u00e7\u00e3o do prefeito Silvano Dudu foi poss\u00edvel na tarde desta quinta-feira liberarmos o acesso ao sistema para impress\u00e3o dos respectivos boletos, afirmou o secret\u00e1rio Rone Feitoza.<\/div>\n<div>O Garantia-Safra tem como benefici\u00e1rios os agricultores que possuem renda familiar mensal de, no m\u00e1ximo, 1,5 (um e meio) sal\u00e1rio m\u00ednimo e que plantam entre 0,6 e 5 hectares de feij\u00e3o, milho, arroz, mandioca, algod\u00e3o.<\/div>\n<div>Uma vez aderidos ao programa, eles passam a receber o benef\u00edcio quando o munic\u00edpio em que moram comprova a perda de, pelo menos, 50% do conjunto dessas produ\u00e7\u00f5es, ou de outras a serem definidas pelo \u00f3rg\u00e3o gestor do Fundo Garantia-Safra, em raz\u00e3o de estiagem ou excesso h\u00eddrico.<\/div>\n<div>O valor do Benef\u00edcio Garantia-Safra e a quantidade de agricultores a serem segurados pelo GS s\u00e3o definidos anualmente durante a reuni\u00e3o do Comit\u00ea Gestor do Garantia-Safra.<\/div>\n<div>Atualmente, o valor do benef\u00edcio \u00e9 igual a R$850, pago em cinco parcelas de R$170, por meio de cart\u00f5es eletr\u00f4nicos disponibilizados pela Caixa Econ\u00f4mica Federal e de acordo com o calend\u00e1rio de benef\u00edcios sociais. A medida \u00e9 uma forma de contribuir para seguran\u00e7a alimentar da fam\u00edlia do agricultor, o que d\u00e1 liberdade para que ele escolha como aplicar o dinheiro.<\/div>\n<div>Em Cara\u00fabas, ser\u00e3o contemplados mais de 270(duzentos e setenta) agricultores familiares cadastrados no respectivo programa. Estaremos nesta sexta-feira, a partir das 7h30min., com toda equipe da Secretaria a disposi\u00e7\u00e3o dos agricultores cadastrados para realizarmos a entrega dos boletos que tem vencimento em 30\/12\/2018, finalizou o secret\u00e1rio Rone.<\/div>\n<div><\/div>\n<div><\/div>\n<div><\/div>\n<div><b>SEPLACOM<\/b><\/div>\n","protected":false},"excerpt":{"rendered":"<p>A Prefeitura Municipal de Cara\u00fabas atrav\u00e9s da Secretaria da Agricultura distribuir\u00e1 nesta sexta-feira, dia 21\/12, na sede do Centro de Apoio ao Produtor Rural, pr\u00e9dio&hellip; <\/p>\n","protected":false},"author":2,"featured_media":77597,"comment_status":"closed","ping_status":"closed","sticky":false,"template":"","format":"standard","meta":{"sfsi_plus_gutenberg_text_before_share":"","sfsi_plus_gutenberg_show_text_before_share":"","sfsi_plus_gutenberg_icon_type":"","sfsi_plus_gutenberg_icon_alignemt":"","sfsi_plus_gutenburg_max_per_row":"","footnotes":""},"categories":[2],"tags":[],"class_list":["post-77595","post","type-post","status-publish","format-standard","has-post-thumbnail","hentry","category-geral"],"_links":{"self":[{"href":"https:\/\/www.caririemacao.com\/1\/wp-json\/wp\/v2\/posts\/77595","targetHints":{"allow":["GET"]}}],"collection":[{"href":"https:\/\/www.caririemacao.com\/1\/wp-json\/wp\/v2\/posts"}],"about":[{"href":"https:\/\/www.caririemacao.com\/1\/wp-json\/wp\/v2\/types\/post"}],"author":[{"embeddable":true,"href":"https:\/\/www.caririemacao.com\/1\/wp-json\/wp\/v2\/users\/2"}],"replies":[{"embeddable":true,"href":"https:\/\/www.caririemacao.com\/1\/wp-json\/wp\/v2\/comments?post=77595"}],"version-history":[{"count":1,"href":"https:\/\/www.caririemacao.com\/1\/wp-json\/wp\/v2\/posts\/77595\/revisions"}],"predecessor-version":[{"id":77598,"href":"https:\/\/www.caririemacao.com\/1\/wp-json\/wp\/v2\/posts\/77595\/revisions\/77598"}],"wp:featuredmedia":[{"embeddable":true,"href":"https:\/\/www.caririemacao.com\/1\/wp-json\/wp\/v2\/media\/77597"}],"wp:attachment":[{"href":"https:\/\/www.caririemacao.com\/1\/wp-json\/wp\/v2\/media?parent=77595"}],"wp:term":[{"taxonomy":"category","embeddable":true,"href":"https:\/\/www.caririemacao.com\/1\/wp-json\/wp\/v2\/categories?post=77595"},{"taxonomy":"post_tag","embeddable":true,"href":"https:\/\/www.caririemacao.com\/1\/wp-json\/wp\/v2\/tags?post=77595"}],"curies":[{"name":"wp","href":"https:\/\/api.w.org\/{rel}","templated":true}]}}