{"id":77600,"date":"2018-12-20T23:33:03","date_gmt":"2018-12-21T02:33:03","guid":{"rendered":"http:\/\/www.caririemacao.com\/1\/?p=77600"},"modified":"2018-12-20T23:33:03","modified_gmt":"2018-12-21T02:33:03","slug":"gigante-paraibano-ninao-esta-internado-em-hospital-de-campina-grande-e-pede-ajuda","status":"publish","type":"post","link":"https:\/\/www.caririemacao.com\/1\/2018\/12\/20\/gigante-paraibano-ninao-esta-internado-em-hospital-de-campina-grande-e-pede-ajuda\/","title":{"rendered":"GiGANTE PARAIBANO: Nin\u00e3o est\u00e1 internado em hospital de Campina Grande e pede ajuda"},"content":{"rendered":"<p>O gigante paraibano \u2018Nin\u00e3o\u2019 est\u00e1 internado e est\u00e1 sem andar. Ele deu entrada depois de sentir fortes dores no calcanhar e segue em observa\u00e7\u00e3o desde o dia\u00a011 de dezembro, na ala masculina do Hospital Universit\u00e1rio de Campina Grande. Joelison Fernandes, conhecido como Nin\u00e3o, est\u00e1 com uma infec\u00e7\u00e3o no calcanhar direito e pode ficar quatro\u00a0meses sem andar.<\/p>\n<p>Exames foram feitos, mas os m\u00e9dicos n\u00e3o sabem direito o que ele tem, mesmo ap\u00f3s uma semana de interna\u00e7\u00e3o. O Hospital n\u00e3o soube informar na tarde desta quinta-feira (20)\u00a0a atual situa\u00e7\u00e3o do paraibano.<\/p>\n<p>Para que fosse internado uma\u00a0cama precisou ser adaptada por causa do seu tamanho. Medindo 2,37 metros, Nin\u00e3o est\u00e1 deitado em duas\u00a0camas improvisadas e conta com a ajuda de familiares, amigos e quem mais puder ajud\u00e1-lo\u00a0a se recuperar logo.<\/p>\n<p>Aos 33 anos de idade, sem emprego fixo e hospitalizado Nin\u00e3o desabafa: \u201cMinha renda vem das propagandas. Como estou sem pode andar, n\u00e3o estou ganhando dinheiro. Sou casado e tenho que arrumar uma renda para comida, os gastos com a interna\u00e7\u00e3o e os rem\u00e9dios. Se puderem me ajudar, ficaria muito agradecido\u201d.<\/p>\n<p>Ele se tornou celebridade nacional depois de virar atra\u00e7\u00e3o em programas famosos da TV\u00a0Brasileira, veiculados pelo SBT,\u00a0apresentados por Gugu e Celso Portiolli.<\/p>\n<p><strong>Quem puder ajudar com algum valor pode depositar na conta de Nin\u00e3o:<\/strong><\/p>\n<p>Conta Corrente Banco do Brasil \u2013<\/p>\n<p>Joelison Fernandes da Silva<\/p>\n<p>Ag\u00eancia \u2013 0991-1<\/p>\n<p>Conta Corrente \u2013 12062-6<\/p>\n<p>&nbsp;<\/p>\n<p><br clear=\"all\" \/>\u00a0CLIKPB<\/p>\n","protected":false},"excerpt":{"rendered":"<p>O gigante paraibano \u2018Nin\u00e3o\u2019 est\u00e1 internado e est\u00e1 sem andar. Ele deu entrada depois de sentir fortes dores no calcanhar e segue em observa\u00e7\u00e3o desde&hellip; <\/p>\n","protected":false},"author":2,"featured_media":77601,"comment_status":"closed","ping_status":"closed","sticky":false,"template":"","format":"standard","meta":{"sfsi_plus_gutenberg_text_before_share":"","sfsi_plus_gutenberg_show_text_before_share":"","sfsi_plus_gutenberg_icon_type":"","sfsi_plus_gutenberg_icon_alignemt":"","sfsi_plus_gutenburg_max_per_row":"","footnotes":""},"categories":[2],"tags":[],"class_list":["post-77600","post","type-post","status-publish","format-standard","has-post-thumbnail","hentry","category-geral"],"_links":{"self":[{"href":"https:\/\/www.caririemacao.com\/1\/wp-json\/wp\/v2\/posts\/77600","targetHints":{"allow":["GET"]}}],"collection":[{"href":"https:\/\/www.caririemacao.com\/1\/wp-json\/wp\/v2\/posts"}],"about":[{"href":"https:\/\/www.caririemacao.com\/1\/wp-json\/wp\/v2\/types\/post"}],"author":[{"embeddable":true,"href":"https:\/\/www.caririemacao.com\/1\/wp-json\/wp\/v2\/users\/2"}],"replies":[{"embeddable":true,"href":"https:\/\/www.caririemacao.com\/1\/wp-json\/wp\/v2\/comments?post=77600"}],"version-history":[{"count":1,"href":"https:\/\/www.caririemacao.com\/1\/wp-json\/wp\/v2\/posts\/77600\/revisions"}],"predecessor-version":[{"id":77602,"href":"https:\/\/www.caririemacao.com\/1\/wp-json\/wp\/v2\/posts\/77600\/revisions\/77602"}],"wp:featuredmedia":[{"embeddable":true,"href":"https:\/\/www.caririemacao.com\/1\/wp-json\/wp\/v2\/media\/77601"}],"wp:attachment":[{"href":"https:\/\/www.caririemacao.com\/1\/wp-json\/wp\/v2\/media?parent=77600"}],"wp:term":[{"taxonomy":"category","embeddable":true,"href":"https:\/\/www.caririemacao.com\/1\/wp-json\/wp\/v2\/categories?post=77600"},{"taxonomy":"post_tag","embeddable":true,"href":"https:\/\/www.caririemacao.com\/1\/wp-json\/wp\/v2\/tags?post=77600"}],"curies":[{"name":"wp","href":"https:\/\/api.w.org\/{rel}","templated":true}]}}