{"id":77603,"date":"2018-12-20T23:35:15","date_gmt":"2018-12-21T02:35:15","guid":{"rendered":"http:\/\/www.caririemacao.com\/1\/?p=77603"},"modified":"2018-12-20T23:35:15","modified_gmt":"2018-12-21T02:35:15","slug":"pdt-pcdob-e-psb-confirmam-bloco-de-oposicao-a-bolsonaro-sem-incluir-o-pt","status":"publish","type":"post","link":"https:\/\/www.caririemacao.com\/1\/2018\/12\/20\/pdt-pcdob-e-psb-confirmam-bloco-de-oposicao-a-bolsonaro-sem-incluir-o-pt\/","title":{"rendered":"PDT, PCdoB e PSB confirmam bloco de oposi\u00e7\u00e3o a Bolsonaro sem incluir o PT"},"content":{"rendered":"<p>Como j\u00e1\u00a0haviam sinalizado\u00a0no final de outubro, depois das elei\u00e7\u00f5es presidenciais, as bancadas do PDT, do PCdoB e do PSB na C\u00e2mara confirmaram nesta quinta-feira (20) a forma\u00e7\u00e3o de um bloco de oposi\u00e7\u00e3o ao presidente eleito\u00a0Jair Bolsonaro\u00a0(PSL) a partir de 1\u00ba de janeiro de 2019. O agrupamento oposicionista n\u00e3o incluir\u00e1 o PT, para efeitos regimentais, como tamb\u00e9m j\u00e1 estava pr\u00e9-definido.<\/p>\n<p>Os prop\u00f3sitos dos tr\u00eas partidos, segundo suas lideran\u00e7as, s\u00e3o \u201ca luta em defesa de democracia, dos direitos sociais e em favor de ideias e propostas de interesse do Brasil\u201d. L\u00edder do PT na C\u00e2mara, Andr\u00e9 Figueiredo (CE) resumiu os termos da nota (imagem abaixo) divulgada hoje (quinta, 20) por meio do Twitter e demais redes sociais.<\/p>\n<div class=\"ad-content\">\n<div class=\"ad-image\"><\/div>\n<div class=\"text-wrapper\"><\/div>\n<\/div>\n<div class=\"ad-logo\"><\/div>\n<div class=\"ad-call\"><\/div>\n<p><img fetchpriority=\"high\" decoding=\"async\" class=\"alignnone size-full wp-image-369787\" title=\"PDT, PCdoB e PSB confirmam bloco de oposi\u00e7\u00e3o a Bolsonaro sem incluir o PT\" src=\"https:\/\/i0.wp.com\/static.congressoemfoco.uol.com.br\/2018\/12\/nota.jpg?resize=600%2C544&amp;ssl=1\" alt=\"nota - PDT, PCdoB e PSB confirmam bloco de oposi\u00e7\u00e3o a Bolsonaro sem incluir o PT\" width=\"750\" height=\"420\" \/><\/p>\n<p>\u201c\u00c9 o in\u00edcio de uma caminhada de partidos com identidade hist\u00f3rica para barrar retrocessos que sejam pautados na C\u00e2mara dos Deputados\u201d, escreveu o parlamentar.<\/p>\n<p>T\u00e3o logo soube da forma\u00e7\u00e3o do bloco, Bolsonaro tamb\u00e9m foi ao Twitter e ironizou a forma\u00e7\u00e3o do bloco de oposi\u00e7\u00e3o \u2013 em 2019, o grupo ter\u00e1 37 deputados ora ironizados pelo presidente eleito (PDT e PSB elegeram 14 cada um, enquanto o PCdoB elegeu 9).<\/p>\n<p>S\u00e3o 21 representantes a menos em rela\u00e7\u00e3o \u00e0 legislatura que chega ao fim \u2013 atualmente, esses partidos re\u00fanem 58 deputados (26 do PSB, 21 do PDT e 11 do PCdoB).<\/p>\n<p>S\u00e3o 513 os ocupantes de cadeiras na C\u00e2mara, mas Bolsonaro demonstra n\u00e3o estar preocupado com os\u00a0 n\u00fameros necess\u00e1rios para aprovar propostas de reforma como a da Previd\u00eancia \u2013 proposi\u00e7\u00e3o de que depende o sucesso do governo em rela\u00e7\u00e3o ao controle das contas p\u00fablicas.<\/p>\n<p><br clear=\"all\" \/><br clear=\"all\" \/><\/p>\n<p>Congresso em foco<\/p>\n","protected":false},"excerpt":{"rendered":"<p>Como j\u00e1\u00a0haviam sinalizado\u00a0no final de outubro, depois das elei\u00e7\u00f5es presidenciais, as bancadas do PDT, do PCdoB e do PSB na C\u00e2mara confirmaram nesta quinta-feira (20)&hellip; <\/p>\n","protected":false},"author":2,"featured_media":77604,"comment_status":"closed","ping_status":"closed","sticky":false,"template":"","format":"standard","meta":{"sfsi_plus_gutenberg_text_before_share":"","sfsi_plus_gutenberg_show_text_before_share":"","sfsi_plus_gutenberg_icon_type":"","sfsi_plus_gutenberg_icon_alignemt":"","sfsi_plus_gutenburg_max_per_row":"","footnotes":""},"categories":[11],"tags":[],"class_list":["post-77603","post","type-post","status-publish","format-standard","has-post-thumbnail","hentry","category-politica"],"_links":{"self":[{"href":"https:\/\/www.caririemacao.com\/1\/wp-json\/wp\/v2\/posts\/77603","targetHints":{"allow":["GET"]}}],"collection":[{"href":"https:\/\/www.caririemacao.com\/1\/wp-json\/wp\/v2\/posts"}],"about":[{"href":"https:\/\/www.caririemacao.com\/1\/wp-json\/wp\/v2\/types\/post"}],"author":[{"embeddable":true,"href":"https:\/\/www.caririemacao.com\/1\/wp-json\/wp\/v2\/users\/2"}],"replies":[{"embeddable":true,"href":"https:\/\/www.caririemacao.com\/1\/wp-json\/wp\/v2\/comments?post=77603"}],"version-history":[{"count":1,"href":"https:\/\/www.caririemacao.com\/1\/wp-json\/wp\/v2\/posts\/77603\/revisions"}],"predecessor-version":[{"id":77605,"href":"https:\/\/www.caririemacao.com\/1\/wp-json\/wp\/v2\/posts\/77603\/revisions\/77605"}],"wp:featuredmedia":[{"embeddable":true,"href":"https:\/\/www.caririemacao.com\/1\/wp-json\/wp\/v2\/media\/77604"}],"wp:attachment":[{"href":"https:\/\/www.caririemacao.com\/1\/wp-json\/wp\/v2\/media?parent=77603"}],"wp:term":[{"taxonomy":"category","embeddable":true,"href":"https:\/\/www.caririemacao.com\/1\/wp-json\/wp\/v2\/categories?post=77603"},{"taxonomy":"post_tag","embeddable":true,"href":"https:\/\/www.caririemacao.com\/1\/wp-json\/wp\/v2\/tags?post=77603"}],"curies":[{"name":"wp","href":"https:\/\/api.w.org\/{rel}","templated":true}]}}