{"id":77613,"date":"2018-12-21T08:28:24","date_gmt":"2018-12-21T11:28:24","guid":{"rendered":"http:\/\/www.caririemacao.com\/1\/?p=77613"},"modified":"2018-12-21T08:28:24","modified_gmt":"2018-12-21T11:28:24","slug":"prefeitura-de-monteiro-realiza-ultima-convocacao-de-2018-para-diversos-cargos","status":"publish","type":"post","link":"https:\/\/www.caririemacao.com\/1\/2018\/12\/21\/prefeitura-de-monteiro-realiza-ultima-convocacao-de-2018-para-diversos-cargos\/","title":{"rendered":"Prefeitura de Monteiro realiza \u00faltima convoca\u00e7\u00e3o de 2018 para diversos cargos"},"content":{"rendered":"<p>As chamadas incluem as vagas de Agente Comunit\u00e1rio de Sa\u00fade para Pitombeira PSF 01, Alto da Bela Vista PSF 03 e Matadouro PSF 07; T\u00e9cnico Administrativo Plantonista, Agentes Municipais de Tr\u00e2nsito e Transporte, Merendeira Escolar \u2013 Zona Urbana, Cozinheiro Plantonista, Art\u00edfice \u2013 Pedreiro-Bombeiro\/Encanador, Aux. de Apoio Escolar \u2013 Zona Urbana\/ Servi\u00e7os Gerais, Aux. de Apoio Escolar \u2013 Zona Urbana\/ Servi\u00e7os Gerais(Deficientes), Aux. de Apoio Escolar \u2013 Zona Rural(Cacimba de Cima) \/ Servi\u00e7os Gerais, Aux. de Servi\u00e7os Gerais Diversos \u2013 Plantonista, Maqueiro, Gari, Auxiliar de Consult\u00f3rio Dent\u00e1rio, T\u00e9cnico de Enfermagem Plantonista, T\u00e9cnico em Radiologia \u2013 Plantonista, R\u00e1dio Operador, Condutor Socorrista \u2013 Plantonista, Professor da Educa\u00e7\u00e3o Infantil \u2013 Zona Urbana, Professor de L\u00edngua Portuguesa \u2013 Zona Urbana, Professor de Matem\u00e1tica \u2013 Zona Urbana, Professor de Ci\u00eancia \u2013 Zona Urbana, Bioqu\u00edmico Plantonista, Fisioterapeuta, Fonoaudi\u00f3logo, Enfermeiro Plantonista, Terapeuta Ocupacional, Condutor de Ve\u00edculo de Urg\u00eancia,<br \/>\nProfessor da Educa\u00e7\u00e3o Fundamental I \u2013 Zona Urbana.Os editais de convoca\u00e7\u00e3o est\u00e3o dispon\u00edveis nos seguintes endere\u00e7os:<\/p>\n<p>Edital ACS http:\/\/www.monteiro.pb.gov.br\/_upload\/legislacao\/down201218074623.pdf<\/p>\n<p>Edital demais vagas http:\/\/www.monteiro.pb.gov.br\/_upload\/legislacao\/down201218074740.pdf<\/p>\n<p>Os convocados devem comparecer a sede da Secretaria Municipal de Administra\u00e7\u00e3o, no setor de RH, na Avenida Ol\u00edmpio Gomes, S\/N, Centro \u2013 no primeiro pavimento do pr\u00e9dio aonde funciona a agenda do Banco do Brasil, em at\u00e9 30 dias a partir da data de publica\u00e7\u00e3o do edital, munidos dos documentos e habilita\u00e7\u00f5es exigidas no edital.<\/p>\n<p>O n\u00e3o comparecimento dos aprovados at\u00e9 a data fixada ser\u00e1 interpretado como desist\u00eancia ficando a cargo da Prefeitura convocar o candidato imediato classificado.<\/p>\n<p>&nbsp;<\/p>\n<p>Ascom\/Monteiro<\/p>\n","protected":false},"excerpt":{"rendered":"<p>As chamadas incluem as vagas de Agente Comunit\u00e1rio de Sa\u00fade para Pitombeira PSF 01, Alto da Bela Vista PSF 03 e Matadouro PSF 07; T\u00e9cnico&hellip; <\/p>\n","protected":false},"author":1,"featured_media":69727,"comment_status":"closed","ping_status":"closed","sticky":false,"template":"","format":"standard","meta":{"sfsi_plus_gutenberg_text_before_share":"","sfsi_plus_gutenberg_show_text_before_share":"","sfsi_plus_gutenberg_icon_type":"","sfsi_plus_gutenberg_icon_alignemt":"","sfsi_plus_gutenburg_max_per_row":"","footnotes":""},"categories":[6],"tags":[],"class_list":["post-77613","post","type-post","status-publish","format-standard","has-post-thumbnail","hentry","category-cidades"],"_links":{"self":[{"href":"https:\/\/www.caririemacao.com\/1\/wp-json\/wp\/v2\/posts\/77613","targetHints":{"allow":["GET"]}}],"collection":[{"href":"https:\/\/www.caririemacao.com\/1\/wp-json\/wp\/v2\/posts"}],"about":[{"href":"https:\/\/www.caririemacao.com\/1\/wp-json\/wp\/v2\/types\/post"}],"author":[{"embeddable":true,"href":"https:\/\/www.caririemacao.com\/1\/wp-json\/wp\/v2\/users\/1"}],"replies":[{"embeddable":true,"href":"https:\/\/www.caririemacao.com\/1\/wp-json\/wp\/v2\/comments?post=77613"}],"version-history":[{"count":1,"href":"https:\/\/www.caririemacao.com\/1\/wp-json\/wp\/v2\/posts\/77613\/revisions"}],"predecessor-version":[{"id":77614,"href":"https:\/\/www.caririemacao.com\/1\/wp-json\/wp\/v2\/posts\/77613\/revisions\/77614"}],"wp:featuredmedia":[{"embeddable":true,"href":"https:\/\/www.caririemacao.com\/1\/wp-json\/wp\/v2\/media\/69727"}],"wp:attachment":[{"href":"https:\/\/www.caririemacao.com\/1\/wp-json\/wp\/v2\/media?parent=77613"}],"wp:term":[{"taxonomy":"category","embeddable":true,"href":"https:\/\/www.caririemacao.com\/1\/wp-json\/wp\/v2\/categories?post=77613"},{"taxonomy":"post_tag","embeddable":true,"href":"https:\/\/www.caririemacao.com\/1\/wp-json\/wp\/v2\/tags?post=77613"}],"curies":[{"name":"wp","href":"https:\/\/api.w.org\/{rel}","templated":true}]}}