{"id":77617,"date":"2018-12-21T08:34:08","date_gmt":"2018-12-21T11:34:08","guid":{"rendered":"http:\/\/www.caririemacao.com\/1\/?p=77617"},"modified":"2018-12-21T08:34:08","modified_gmt":"2018-12-21T11:34:08","slug":"prefeita-anna-lorena-prestigia-cerimonia-de-encerramento-de-curso-de-cabeleireiro-na-zona-rural","status":"publish","type":"post","link":"https:\/\/www.caririemacao.com\/1\/2018\/12\/21\/prefeita-anna-lorena-prestigia-cerimonia-de-encerramento-de-curso-de-cabeleireiro-na-zona-rural\/","title":{"rendered":"Prefeita Anna Lorena prestigia cerim\u00f4nia de encerramento de curso de Cabeleireiro na zona rural"},"content":{"rendered":"<p><img decoding=\"async\" class=\"alignnone size-medium wp-image-77618 lazyload\" data-src=\"http:\/\/www.caririemacao.com\/1\/wp-content\/uploads\/2018\/12\/Final-dos-cursos_Cabeleireiro-300x156-300x156.jpg\" alt=\"\" width=\"300\" height=\"156\" src=\"data:image\/svg+xml;base64,PHN2ZyB3aWR0aD0iMSIgaGVpZ2h0PSIxIiB4bWxucz0iaHR0cDovL3d3dy53My5vcmcvMjAwMC9zdmciPjwvc3ZnPg==\" style=\"--smush-placeholder-width: 300px; --smush-placeholder-aspect-ratio: 300\/156;\" \/><\/p>\n<p>Na reta final de mais um ano, a prefeita Anna Lorena segue com sua agenda de compromissos e na noite desta quarta-feira, 19, prestigiou ao lado da secret\u00e1ria de Desenvolvimento Social mais uma cerim\u00f4nia de encerramento de cursos oferecidos pela prefeitura.Mais de 20 moradores das comunidades de Barreiros, Tapagem e Cachoeirinha tiveram a oportunidade de participar da capacita\u00e7\u00e3o no curso de cabeleireiro e j\u00e1 est\u00e3o aptos ao trabalho garantindo uma renda a mais para suas fam\u00edlias.<\/p>\n<p>Esta foi a \u00faltima turma a se formar na rodada de cursos oferecidos neste ano de 2018 que ofereceu oportunidades em Confec\u00e7\u00e3o de Cal\u00e7ados, Confec\u00e7\u00e3o de Bolsas, Cuidador de Idosos, Maquiagem e auto maquiagem, Unhas em Gel para iniciantes e avan\u00e7ado, Confeiteiro de doces e salgados, dentre outros.<\/p>\n<p>Em meio as comemora\u00e7\u00f5es a prefeita Anna Lorena fez quest\u00e3o de destacar a aten\u00e7\u00e3o especial de seu governo com a popula\u00e7\u00e3o das comunidades rurais e agradeceu a dedica\u00e7\u00e3o de todos durante o curso e completou \u201cparab\u00e9ns a todos que terminaram o curso, desejo a todos que este novo conhecimento possa ajudar a melhorar o bem-estar e a qualidade de vida de todos\u201d.<\/p>\n<p>A secret\u00e1ria Rosa Aleixo, do Desenvolvimento Social, frisou que esta pol\u00edtica de qualifica\u00e7\u00e3o da popula\u00e7\u00e3o continuar\u00e1 no ano de 2019 com mais op\u00e7\u00f5es visando sempre dar condi\u00e7\u00f5es de crescimento e motiva\u00e7\u00e3o \u00e0 popula\u00e7\u00e3o.<\/p>\n<p>Entre elogios \u00e0 gest\u00e3o, Anna Lorena tamb\u00e9m recebeu o carinho dos alunos e toda a comunidade.<\/p>\n","protected":false},"excerpt":{"rendered":"<p>Na reta final de mais um ano, a prefeita Anna Lorena segue com sua agenda de compromissos e na noite desta quarta-feira, 19, prestigiou ao&hellip; <\/p>\n","protected":false},"author":1,"featured_media":29485,"comment_status":"closed","ping_status":"closed","sticky":false,"template":"","format":"standard","meta":{"sfsi_plus_gutenberg_text_before_share":"","sfsi_plus_gutenberg_show_text_before_share":"","sfsi_plus_gutenberg_icon_type":"","sfsi_plus_gutenberg_icon_alignemt":"","sfsi_plus_gutenburg_max_per_row":"","footnotes":""},"categories":[6],"tags":[],"class_list":["post-77617","post","type-post","status-publish","format-standard","has-post-thumbnail","hentry","category-cidades"],"_links":{"self":[{"href":"https:\/\/www.caririemacao.com\/1\/wp-json\/wp\/v2\/posts\/77617","targetHints":{"allow":["GET"]}}],"collection":[{"href":"https:\/\/www.caririemacao.com\/1\/wp-json\/wp\/v2\/posts"}],"about":[{"href":"https:\/\/www.caririemacao.com\/1\/wp-json\/wp\/v2\/types\/post"}],"author":[{"embeddable":true,"href":"https:\/\/www.caririemacao.com\/1\/wp-json\/wp\/v2\/users\/1"}],"replies":[{"embeddable":true,"href":"https:\/\/www.caririemacao.com\/1\/wp-json\/wp\/v2\/comments?post=77617"}],"version-history":[{"count":1,"href":"https:\/\/www.caririemacao.com\/1\/wp-json\/wp\/v2\/posts\/77617\/revisions"}],"predecessor-version":[{"id":77619,"href":"https:\/\/www.caririemacao.com\/1\/wp-json\/wp\/v2\/posts\/77617\/revisions\/77619"}],"wp:featuredmedia":[{"embeddable":true,"href":"https:\/\/www.caririemacao.com\/1\/wp-json\/wp\/v2\/media\/29485"}],"wp:attachment":[{"href":"https:\/\/www.caririemacao.com\/1\/wp-json\/wp\/v2\/media?parent=77617"}],"wp:term":[{"taxonomy":"category","embeddable":true,"href":"https:\/\/www.caririemacao.com\/1\/wp-json\/wp\/v2\/categories?post=77617"},{"taxonomy":"post_tag","embeddable":true,"href":"https:\/\/www.caririemacao.com\/1\/wp-json\/wp\/v2\/tags?post=77617"}],"curies":[{"name":"wp","href":"https:\/\/api.w.org\/{rel}","templated":true}]}}