{"id":77624,"date":"2018-12-21T08:55:51","date_gmt":"2018-12-21T11:55:51","guid":{"rendered":"http:\/\/www.caririemacao.com\/1\/?p=77624"},"modified":"2018-12-21T08:55:51","modified_gmt":"2018-12-21T11:55:51","slug":"joao-promete-contratar-aprovados-em-concurso-da-pm-e-anuncia-novas-vagas","status":"publish","type":"post","link":"https:\/\/www.caririemacao.com\/1\/2018\/12\/21\/joao-promete-contratar-aprovados-em-concurso-da-pm-e-anuncia-novas-vagas\/","title":{"rendered":"Jo\u00e3o promete contratar aprovados em concurso da PM e anuncia novas vagas"},"content":{"rendered":"<div>O governador eleito da Para\u00edba, Jo\u00e3o Azev\u00eado (PSB), anunciou nesta quinta-feira (20), durante entrevista \u00e0 R\u00e1dio Pop FM, que ir\u00e1 instalar um gabinete em Campina Grande, onde far\u00e1 despachos mensais. Ele tamb\u00e9m garantiu a realiza\u00e7\u00e3o de concursos p\u00fablicos durante seu governo.<\/div>\n<div><\/div>\n<div>De acordo com o governador eleito, a cria\u00e7\u00e3o do gabinete na Rainha da Borborema tem o objetivo de estabelecer uma rela\u00e7\u00e3o mais pr\u00f3xima com o munic\u00edpio e atrair novos investimentos para a Regi\u00e3o.<\/div>\n<div><\/div>\n<div>\u201cEu vou ter um gabinete em Campina Grande, onde vou despachar pelo menos uma vez por m\u00eas na cidade. Vamos ter condi\u00e7\u00f5es de sentar com as for\u00e7as n\u00e3o s\u00f3 pol\u00edticas, mas, acima de tudo, econ\u00f4micas da cidade. Estamos definindo o pr\u00e9dio que vai ser utilizado pelo governador e pela vice-governadora\u201d, explicou.<\/div>\n<div><\/div>\n<div>Jo\u00e3o Azev\u00eado refor\u00e7ou o compromisso de convocar os demais aprovados no concurso da Pol\u00edcia Militar.<\/div>\n<div><\/div>\n<div>\u201cVamos convocar os 500 policiais. \u00c9 preciso entender que os policiais convocados anteriormente ainda est\u00e3o fazendo curso, mas antes do final do pr\u00f3ximo ano, estaremos convocando o restante dos aprovados para iniciar o curso de forma\u00e7\u00e3o\u201d, assegurou.<\/div>\n<div><\/div>\n<div>O governador eleito confirmou tamb\u00e9m a inten\u00e7\u00e3o de realizar novos concursos p\u00fablicos no decorrer de seu governo. Segundo ele, a Educa\u00e7\u00e3o ser\u00e1 uma das \u00e1reas priorit\u00e1rias.<\/div>\n<div><\/div>\n<div>\u201cA nossa inten\u00e7\u00e3o \u00e9 de realizar concursos, primeiramente, para professores. Queremos fazer concurso para a contrata\u00e7\u00e3o de professores porque a rela\u00e7\u00e3o efetiva \u00e9 muito importante para o aprendizado\u201d, observou.<\/div>\n<div><\/div>\n<div>Ainda na entrevista, ele informou que anunciar\u00e1 na pr\u00f3xima semana os demais nomes que ir\u00e3o integrar sua equipe de governo e anunciou uma reuni\u00e3o com todo o secretariado no dia 3 de janeiro para definir as primeiras metas de seu mandato.<\/div>\n<p class=\"noticia_fonte\">Secom-PB<\/p>\n","protected":false},"excerpt":{"rendered":"<p>O governador eleito da Para\u00edba, Jo\u00e3o Azev\u00eado (PSB), anunciou nesta quinta-feira (20), durante entrevista \u00e0 R\u00e1dio Pop FM, que ir\u00e1 instalar um gabinete em Campina&hellip; <\/p>\n","protected":false},"author":1,"featured_media":76276,"comment_status":"closed","ping_status":"closed","sticky":false,"template":"","format":"standard","meta":{"sfsi_plus_gutenberg_text_before_share":"","sfsi_plus_gutenberg_show_text_before_share":"","sfsi_plus_gutenberg_icon_type":"","sfsi_plus_gutenberg_icon_alignemt":"","sfsi_plus_gutenburg_max_per_row":"","footnotes":""},"categories":[11],"tags":[],"class_list":["post-77624","post","type-post","status-publish","format-standard","has-post-thumbnail","hentry","category-politica"],"_links":{"self":[{"href":"https:\/\/www.caririemacao.com\/1\/wp-json\/wp\/v2\/posts\/77624","targetHints":{"allow":["GET"]}}],"collection":[{"href":"https:\/\/www.caririemacao.com\/1\/wp-json\/wp\/v2\/posts"}],"about":[{"href":"https:\/\/www.caririemacao.com\/1\/wp-json\/wp\/v2\/types\/post"}],"author":[{"embeddable":true,"href":"https:\/\/www.caririemacao.com\/1\/wp-json\/wp\/v2\/users\/1"}],"replies":[{"embeddable":true,"href":"https:\/\/www.caririemacao.com\/1\/wp-json\/wp\/v2\/comments?post=77624"}],"version-history":[{"count":1,"href":"https:\/\/www.caririemacao.com\/1\/wp-json\/wp\/v2\/posts\/77624\/revisions"}],"predecessor-version":[{"id":77625,"href":"https:\/\/www.caririemacao.com\/1\/wp-json\/wp\/v2\/posts\/77624\/revisions\/77625"}],"wp:featuredmedia":[{"embeddable":true,"href":"https:\/\/www.caririemacao.com\/1\/wp-json\/wp\/v2\/media\/76276"}],"wp:attachment":[{"href":"https:\/\/www.caririemacao.com\/1\/wp-json\/wp\/v2\/media?parent=77624"}],"wp:term":[{"taxonomy":"category","embeddable":true,"href":"https:\/\/www.caririemacao.com\/1\/wp-json\/wp\/v2\/categories?post=77624"},{"taxonomy":"post_tag","embeddable":true,"href":"https:\/\/www.caririemacao.com\/1\/wp-json\/wp\/v2\/tags?post=77624"}],"curies":[{"name":"wp","href":"https:\/\/api.w.org\/{rel}","templated":true}]}}