{"id":77627,"date":"2018-12-21T08:58:07","date_gmt":"2018-12-21T11:58:07","guid":{"rendered":"http:\/\/www.caririemacao.com\/1\/?p=77627"},"modified":"2018-12-21T08:58:07","modified_gmt":"2018-12-21T11:58:07","slug":"brasileira-e-presa-acusada-de-vender-recem-nascidos-em-portugal","status":"publish","type":"post","link":"https:\/\/www.caririemacao.com\/1\/2018\/12\/21\/brasileira-e-presa-acusada-de-vender-recem-nascidos-em-portugal\/","title":{"rendered":"Brasileira \u00e9 presa acusada de vender rec\u00e9m-nascidos em Portugal"},"content":{"rendered":"<p>Uma brasileira foi presa nesta quinta-feira (20), acusada de vender quatro\u00a0rec\u00e9m-nascidos para cidad\u00e3os de pa\u00edses europeus,\u00a0em Portugal. A mulher foi presa juntamente com um portugu\u00eas.<\/p>\n<p>Segundo a Pol\u00edcia Judici\u00e1ria de Portugal, os beb\u00eas foram\u00a0gerados entre 2011 e 2017\u00a0j\u00e1 com a inten\u00e7\u00e3o de serem vendidos.\u00a0A mulher \u00e9 m\u00e3e biol\u00f3gica das crian\u00e7as e atualmente o \u00f3rg\u00e3o aguarda o resultado do teste de DNA para verificar a identidade do pai.<\/p>\n<p>A brasileira de 41 anos trabalha como doceira, enquanto seu companheiro, de 45, atua na \u00e1rea da constru\u00e7\u00e3o civil. Os dois moram nos arredores do Porto, est\u00e3o juntos h\u00e1 dez anos e t\u00eam outros filhos menores &#8211; n\u00e3o foram revelados quantos.<\/p>\n<p>&#8220;Os crimes consistiram na entrega de quatro rec\u00e9m-nascidos, mediante pagamento em dinheiro ou de outras contrapartidas, a cidad\u00e3os residentes no territ\u00f3rio europeu&#8221;, afirmou a PJ em comunicado.<\/p>\n<p>Segundo o documento, os pre\u00e7os cobrados pelo casal\u00a0ultrapassaram 20 mil euros cada. Os policiais portugueses descobriram o esquema a partir de uma den\u00fancia an\u00f4nima feita em dezembro de 2017 e relataram desconfian\u00e7a por parte dos vizinhos, j\u00e1 que a brasileira era vista gr\u00e1vida, mas os beb\u00eas n\u00e3o apareciam.<\/p>\n<p>A primeira fase da investiga\u00e7\u00e3o, que durou v\u00e1rios meses, terminou ontem e foi divulgada nesta quinta.\u00a0Foram colhidas provas em buscas na casa do casal\u00a0\u2014\u00a0que ser\u00e1 indiciado por tr\u00e1fico de seres humanos, aliena\u00e7\u00e3o de crian\u00e7as rec\u00e9m-nascidas e falsifica\u00e7\u00e3o de documentos aut\u00eanticos.<\/p>\n<p>A Pol\u00edcia Judici\u00e1ria de Portugal explicou que, embora n\u00e3o seja poss\u00edvel revelar os pa\u00edses onde as crian\u00e7as residem, todos est\u00e3o bem e &#8220;fora de situa\u00e7\u00e3o de risco&#8221;, e tamb\u00e9m afirmou que est\u00e1 em contato com autoridades desses pa\u00edses.<\/p>\n","protected":false},"excerpt":{"rendered":"<p>Uma brasileira foi presa nesta quinta-feira (20), acusada de vender quatro\u00a0rec\u00e9m-nascidos para cidad\u00e3os de pa\u00edses europeus,\u00a0em Portugal. A mulher foi presa juntamente com um portugu\u00eas.&hellip; <\/p>\n","protected":false},"author":1,"featured_media":77628,"comment_status":"closed","ping_status":"closed","sticky":false,"template":"","format":"standard","meta":{"sfsi_plus_gutenberg_text_before_share":"","sfsi_plus_gutenberg_show_text_before_share":"","sfsi_plus_gutenberg_icon_type":"","sfsi_plus_gutenberg_icon_alignemt":"","sfsi_plus_gutenburg_max_per_row":"","footnotes":""},"categories":[12],"tags":[],"class_list":["post-77627","post","type-post","status-publish","format-standard","has-post-thumbnail","hentry","category-policia"],"_links":{"self":[{"href":"https:\/\/www.caririemacao.com\/1\/wp-json\/wp\/v2\/posts\/77627","targetHints":{"allow":["GET"]}}],"collection":[{"href":"https:\/\/www.caririemacao.com\/1\/wp-json\/wp\/v2\/posts"}],"about":[{"href":"https:\/\/www.caririemacao.com\/1\/wp-json\/wp\/v2\/types\/post"}],"author":[{"embeddable":true,"href":"https:\/\/www.caririemacao.com\/1\/wp-json\/wp\/v2\/users\/1"}],"replies":[{"embeddable":true,"href":"https:\/\/www.caririemacao.com\/1\/wp-json\/wp\/v2\/comments?post=77627"}],"version-history":[{"count":1,"href":"https:\/\/www.caririemacao.com\/1\/wp-json\/wp\/v2\/posts\/77627\/revisions"}],"predecessor-version":[{"id":77629,"href":"https:\/\/www.caririemacao.com\/1\/wp-json\/wp\/v2\/posts\/77627\/revisions\/77629"}],"wp:featuredmedia":[{"embeddable":true,"href":"https:\/\/www.caririemacao.com\/1\/wp-json\/wp\/v2\/media\/77628"}],"wp:attachment":[{"href":"https:\/\/www.caririemacao.com\/1\/wp-json\/wp\/v2\/media?parent=77627"}],"wp:term":[{"taxonomy":"category","embeddable":true,"href":"https:\/\/www.caririemacao.com\/1\/wp-json\/wp\/v2\/categories?post=77627"},{"taxonomy":"post_tag","embeddable":true,"href":"https:\/\/www.caririemacao.com\/1\/wp-json\/wp\/v2\/tags?post=77627"}],"curies":[{"name":"wp","href":"https:\/\/api.w.org\/{rel}","templated":true}]}}