{"id":77634,"date":"2018-12-21T09:11:54","date_gmt":"2018-12-21T12:11:54","guid":{"rendered":"http:\/\/www.caririemacao.com\/1\/?p=77634"},"modified":"2018-12-21T09:11:54","modified_gmt":"2018-12-21T12:11:54","slug":"maduro-diz-que-na-venezuela-nao-tera-bolsonaro-e-desafia-mourao","status":"publish","type":"post","link":"https:\/\/www.caririemacao.com\/1\/2018\/12\/21\/maduro-diz-que-na-venezuela-nao-tera-bolsonaro-e-desafia-mourao\/","title":{"rendered":"Maduro diz que na Venezuela &#8216;n\u00e3o ter\u00e1 Bolsonaro&#8217; e desafia Mour\u00e3o"},"content":{"rendered":"<p>O presidente da Venezuela, Nicol\u00e1s Maduro, advertiu nesta quinta-feira (20) seus advers\u00e1rios que n\u00e3o permitir\u00e1 uma mudan\u00e7a da esquerda para a direita, como ocorreu no Brasil com a elei\u00e7\u00e3o de Jair Bolsonaro, e desafiou o futuro vice brasileiro, general Hamilton Mour\u00e3o, que chamou de &#8220;louco&#8221;.<\/p>\n<p>&#8220;A Venezuela n\u00e3o \u00e9 o Brasil. Aqui n\u00e3o vai ter um Bolsonaro. Aqui ser\u00e1 o povo e o chavismo por muito tempo (&#8230;). Bolsonaro aqui n\u00e3o teremos nunca, porque n\u00f3s constru\u00edmos a for\u00e7a popular&#8221;, declarou Maduro durante ato do Partido Socialista Unido de Venezuela (PSUV).<\/p>\n<p>Reafirmando suas den\u00fancias de um compl\u00f4 dos Estados Unidos para derrub\u00e1-lo, com o apoio de Brasil e Col\u00f4mbia, Maduro disse que o general Mour\u00e3o \u00e9 &#8220;louco da cabe\u00e7a&#8221; por ter afirmando que seu governo est\u00e1 chegando ao fim e defendido &#8220;elei\u00e7\u00f5es normais&#8221; na Venezuela.<\/p>\n<p>&#8220;Aqui lhe espero, com milh\u00f5es de homens e mulheres e com a For\u00e7a Armada (&#8230;). Aqui lhe espero, Mour\u00e3o, venha pessoalmente&#8221;, desafiou Maduro em um inflamado discurso.<\/p>\n<p>Maduro inicia no pr\u00f3ximo dia 10 de janeiro um segundo mandato, de seis anos, ap\u00f3s ser reeleito em vota\u00e7\u00e3o boicotada pela oposi\u00e7\u00e3o e denunciada por Estados Unidos, Uni\u00e3o Europeia e v\u00e1rios pa\u00edses da Am\u00e9rica Latina. Na semana passada, Maduro denunciou uma alian\u00e7a entre EUA, Brasil e Col\u00f4mbia para derrub\u00e1-lo e, inclusive, assassin\u00e1-lo.<\/p>\n<p>Maduro garantiu que John Bolton, assessor de Seguran\u00e7a Nacional dos EUA, deu instru\u00e7\u00f5es para &#8220;provoca\u00e7\u00f5es militares na fronteira&#8221; entre Venezuela e Brasil em uma reuni\u00e3o com Bolsonaro.<\/p>\n<p>Um dia ap\u00f3s sua vit\u00f3ria eleitoral, em outubro, Bolsonaro descartou uma eventual interven\u00e7\u00e3o militar na Venezuela, apesar das &#8220;s\u00e9rias dificuldades&#8221; causadas pela &#8220;ditadura&#8221; de Maduro.<\/p>\n<p>A press\u00e3o diplom\u00e1tica contra Maduro por parte de pa\u00edses vizinhos como Brasil e Col\u00f4mbia aumenta diante da chegada de milhares de imigrantes venezuelanos que fogem da crise econ\u00f4mica em seu pa\u00eds.<\/p>\n","protected":false},"excerpt":{"rendered":"<p>O presidente da Venezuela, Nicol\u00e1s Maduro, advertiu nesta quinta-feira (20) seus advers\u00e1rios que n\u00e3o permitir\u00e1 uma mudan\u00e7a da esquerda para a direita, como ocorreu no&hellip; <\/p>\n","protected":false},"author":1,"featured_media":10900,"comment_status":"closed","ping_status":"closed","sticky":false,"template":"","format":"standard","meta":{"sfsi_plus_gutenberg_text_before_share":"","sfsi_plus_gutenberg_show_text_before_share":"","sfsi_plus_gutenberg_icon_type":"","sfsi_plus_gutenberg_icon_alignemt":"","sfsi_plus_gutenburg_max_per_row":"","footnotes":""},"categories":[11],"tags":[],"class_list":["post-77634","post","type-post","status-publish","format-standard","has-post-thumbnail","hentry","category-politica"],"_links":{"self":[{"href":"https:\/\/www.caririemacao.com\/1\/wp-json\/wp\/v2\/posts\/77634","targetHints":{"allow":["GET"]}}],"collection":[{"href":"https:\/\/www.caririemacao.com\/1\/wp-json\/wp\/v2\/posts"}],"about":[{"href":"https:\/\/www.caririemacao.com\/1\/wp-json\/wp\/v2\/types\/post"}],"author":[{"embeddable":true,"href":"https:\/\/www.caririemacao.com\/1\/wp-json\/wp\/v2\/users\/1"}],"replies":[{"embeddable":true,"href":"https:\/\/www.caririemacao.com\/1\/wp-json\/wp\/v2\/comments?post=77634"}],"version-history":[{"count":1,"href":"https:\/\/www.caririemacao.com\/1\/wp-json\/wp\/v2\/posts\/77634\/revisions"}],"predecessor-version":[{"id":77635,"href":"https:\/\/www.caririemacao.com\/1\/wp-json\/wp\/v2\/posts\/77634\/revisions\/77635"}],"wp:featuredmedia":[{"embeddable":true,"href":"https:\/\/www.caririemacao.com\/1\/wp-json\/wp\/v2\/media\/10900"}],"wp:attachment":[{"href":"https:\/\/www.caririemacao.com\/1\/wp-json\/wp\/v2\/media?parent=77634"}],"wp:term":[{"taxonomy":"category","embeddable":true,"href":"https:\/\/www.caririemacao.com\/1\/wp-json\/wp\/v2\/categories?post=77634"},{"taxonomy":"post_tag","embeddable":true,"href":"https:\/\/www.caririemacao.com\/1\/wp-json\/wp\/v2\/tags?post=77634"}],"curies":[{"name":"wp","href":"https:\/\/api.w.org\/{rel}","templated":true}]}}