{"id":77640,"date":"2018-12-21T09:15:17","date_gmt":"2018-12-21T12:15:17","guid":{"rendered":"http:\/\/www.caririemacao.com\/1\/?p=77640"},"modified":"2018-12-21T09:15:17","modified_gmt":"2018-12-21T12:15:17","slug":"bolsonaro-reage-a-formacao-de-bloco-de-oposicao-na-camara","status":"publish","type":"post","link":"https:\/\/www.caririemacao.com\/1\/2018\/12\/21\/bolsonaro-reage-a-formacao-de-bloco-de-oposicao-na-camara\/","title":{"rendered":"Bolsonaro reage \u00e0 forma\u00e7\u00e3o de bloco de oposi\u00e7\u00e3o na C\u00e2mara"},"content":{"rendered":"<p>Em nota conjunta, os partidos PSB, PDT e do PCdoB na C\u00e2mara dos Deputados anunciaram hoje (20) que v\u00e3o compor um bloco de oposi\u00e7\u00e3o ao governo do presidente eleito, Jair Bolsonaro, na pr\u00f3xima legislatura, que oficialmente come\u00e7a em fevereiro de 2019.<\/p>\n<p>Bolsonaro reagiu, em sua conta no Twitter, \u00e0 forma\u00e7\u00e3o do bloco de oposi\u00e7\u00e3o. \u201cPDT, PSB e PCdoB confirmam bloco de oposi\u00e7\u00e3o a Bolsonaro na C\u00e2mara. Se me apoiassem \u00e9 que preocuparia o Brasil\u201d, disse o presidente eleito. \u201cN\u00e3o darei a eles o que querem!.\u201d<\/p>\n<p>A formaliza\u00e7\u00e3o do bloco come\u00e7ou a ser negociada ap\u00f3s as elei\u00e7\u00f5es. O PT n\u00e3o integrar\u00e1 o grupo.<\/p>\n<p>Em nota conjunta, as legendas que formar\u00e3o o bloco destacam que v\u00e3o atuar para fortalecer as posi\u00e7\u00f5es e a\u00e7\u00f5es pol\u00edticas e parlamentares.<\/p>\n<p>\u201c[PDT, PSB e PCdoB] compor\u00e3o um bloco partid\u00e1rio que fortale\u00e7a as posi\u00e7\u00f5es pol\u00edticas e a a\u00e7\u00e3o parlamentar desses partidos que t\u00eam identidade hist\u00f3rica e mais aqueles que eventualmente ao bloco queiram se reunir\u201d, diz a nota oficial.<\/p>\n<p>&nbsp;<\/p>\n<p>Ag\u00eancia Brasil<\/p>\n","protected":false},"excerpt":{"rendered":"<p>Em nota conjunta, os partidos PSB, PDT e do PCdoB na C\u00e2mara dos Deputados anunciaram hoje (20) que v\u00e3o compor um bloco de oposi\u00e7\u00e3o ao&hellip; <\/p>\n","protected":false},"author":1,"featured_media":75591,"comment_status":"closed","ping_status":"closed","sticky":false,"template":"","format":"standard","meta":{"sfsi_plus_gutenberg_text_before_share":"","sfsi_plus_gutenberg_show_text_before_share":"","sfsi_plus_gutenberg_icon_type":"","sfsi_plus_gutenberg_icon_alignemt":"","sfsi_plus_gutenburg_max_per_row":"","footnotes":""},"categories":[11],"tags":[],"class_list":["post-77640","post","type-post","status-publish","format-standard","has-post-thumbnail","hentry","category-politica"],"_links":{"self":[{"href":"https:\/\/www.caririemacao.com\/1\/wp-json\/wp\/v2\/posts\/77640","targetHints":{"allow":["GET"]}}],"collection":[{"href":"https:\/\/www.caririemacao.com\/1\/wp-json\/wp\/v2\/posts"}],"about":[{"href":"https:\/\/www.caririemacao.com\/1\/wp-json\/wp\/v2\/types\/post"}],"author":[{"embeddable":true,"href":"https:\/\/www.caririemacao.com\/1\/wp-json\/wp\/v2\/users\/1"}],"replies":[{"embeddable":true,"href":"https:\/\/www.caririemacao.com\/1\/wp-json\/wp\/v2\/comments?post=77640"}],"version-history":[{"count":1,"href":"https:\/\/www.caririemacao.com\/1\/wp-json\/wp\/v2\/posts\/77640\/revisions"}],"predecessor-version":[{"id":77641,"href":"https:\/\/www.caririemacao.com\/1\/wp-json\/wp\/v2\/posts\/77640\/revisions\/77641"}],"wp:featuredmedia":[{"embeddable":true,"href":"https:\/\/www.caririemacao.com\/1\/wp-json\/wp\/v2\/media\/75591"}],"wp:attachment":[{"href":"https:\/\/www.caririemacao.com\/1\/wp-json\/wp\/v2\/media?parent=77640"}],"wp:term":[{"taxonomy":"category","embeddable":true,"href":"https:\/\/www.caririemacao.com\/1\/wp-json\/wp\/v2\/categories?post=77640"},{"taxonomy":"post_tag","embeddable":true,"href":"https:\/\/www.caririemacao.com\/1\/wp-json\/wp\/v2\/tags?post=77640"}],"curies":[{"name":"wp","href":"https:\/\/api.w.org\/{rel}","templated":true}]}}