{"id":77642,"date":"2018-12-21T09:17:12","date_gmt":"2018-12-21T12:17:12","guid":{"rendered":"http:\/\/www.caririemacao.com\/1\/?p=77642"},"modified":"2018-12-21T09:17:12","modified_gmt":"2018-12-21T12:17:12","slug":"levo-como-magoa-os-ataques-de-natureza-moral-diz-temer","status":"publish","type":"post","link":"https:\/\/www.caririemacao.com\/1\/2018\/12\/21\/levo-como-magoa-os-ataques-de-natureza-moral-diz-temer\/","title":{"rendered":"&#8220;Levo como m\u00e1goa os ataques de natureza moral&#8221;, diz Temer"},"content":{"rendered":"<p>O presidente Michel Temer disse que as \u00fanicas coisas que o aborreceram no per\u00edodo em que esteve \u00e0 frente da Presid\u00eancia da Rep\u00fablica foram \u201cos ataques de natureza moral\u201d.<\/p>\n<p>Em uma pequena cerim\u00f4nia de confraterniza\u00e7\u00e3o com os servidores do Pal\u00e1cio do Planalto, Temer reafirmou que sempre levou uma vida \u201cmuito correta\u201d.<\/p>\n<p>\u201cN\u00e3o foi f\u00e1cil [as reformas que fizemos]. Primeiro, por uma oposi\u00e7\u00e3o leg\u00edtima, pol\u00edtica e feroz, pesada. Mas isso n\u00e3o me assustou, porque aprendemos a viver na democracia. Mas, de outro lado, eu levo como uma m\u00e1goa os ataques de natureza moral. Eu tive uma vida na universidade, na profiss\u00e3o, uma vida p\u00fablica muito exata, muito correta\u201d, disse o presidente.<\/p>\n<p>\u201cEu tive uma vida muito enaltecida e, apesar de tudo, muito discreta. Portanto, quando v\u00eam os ataques de natureza moral, isso me chateia. \u00c9 a \u00fanica coisa que me aborrece\u201d, completou.<\/p>\n<p>Ao longo de 2017, a Procuradoria-Geral da Rep\u00fablica (PGR) denunciou Temer por duas vezes: envolvimento nos desvios de recursos da Petrobras e obstru\u00e7\u00e3o de Justi\u00e7a.<\/p>\n<p>A C\u00e2mara dos Deputados n\u00e3o autorizou a investiga\u00e7\u00e3o pelo Supremo Tribunal Federal (STF). A terceira den\u00fancia foi apresentada ontem (19), a menos de 15 dias do fim de seu mandato presidencial.<\/p>\n<p>Temer foi denunciado pela procuradora-geral da Rep\u00fablica, Raquel Dodge, pelos crimes de corrup\u00e7\u00e3o ativa, passiva e lavagem de dinheiro com base no inqu\u00e9rito que investiga o suposto favorecimento \u00e0 empresa Rodrimar S\/A na edi\u00e7\u00e3o do chamado Decreto dos Portos (Decreto 9.048\/2017), assinado em maio do ano passado. Em nota, o Pal\u00e1cio do Planalto afirmou que o presidente &#8220;ir\u00e1 provar nos autos sua inoc\u00eancia.&#8221;<br \/>\nConfraterniza\u00e7\u00e3o<\/p>\n<p>O presidente se encontrou com os servidores da Presid\u00eancia no Sal\u00e3o Nobre do Pal\u00e1cio do Planalto. \u201cToda vez que voc\u00eas encontrarem uma dificuldade, voc\u00eas t\u00eam que vitalizar-se. A dificuldade n\u00e3o pode impedi-los de prosseguir. Quando me dizem que eu estou bem, eu digo: deve ser os problemas que eu tive ao longo do tempo. Porque isso nos leva ao enfrentamento\u201d, acrescentou.<\/p>\n<p>Ap\u00f3s o discurso, no qual exaltou o trabalho de todos, Temer tirou fotos com v\u00e1rios servidores e recebeu os cumprimentos. Ao final, subiu a rampa que d\u00e1 acesso ao terceiro andar, onde fica sua sala, sem falar com a imprensa.<\/p>\n","protected":false},"excerpt":{"rendered":"<p>O presidente Michel Temer disse que as \u00fanicas coisas que o aborreceram no per\u00edodo em que esteve \u00e0 frente da Presid\u00eancia da Rep\u00fablica foram \u201cos&hellip; <\/p>\n","protected":false},"author":1,"featured_media":51063,"comment_status":"closed","ping_status":"closed","sticky":false,"template":"","format":"standard","meta":{"sfsi_plus_gutenberg_text_before_share":"","sfsi_plus_gutenberg_show_text_before_share":"","sfsi_plus_gutenberg_icon_type":"","sfsi_plus_gutenberg_icon_alignemt":"","sfsi_plus_gutenburg_max_per_row":"","footnotes":""},"categories":[11],"tags":[],"class_list":["post-77642","post","type-post","status-publish","format-standard","has-post-thumbnail","hentry","category-politica"],"_links":{"self":[{"href":"https:\/\/www.caririemacao.com\/1\/wp-json\/wp\/v2\/posts\/77642","targetHints":{"allow":["GET"]}}],"collection":[{"href":"https:\/\/www.caririemacao.com\/1\/wp-json\/wp\/v2\/posts"}],"about":[{"href":"https:\/\/www.caririemacao.com\/1\/wp-json\/wp\/v2\/types\/post"}],"author":[{"embeddable":true,"href":"https:\/\/www.caririemacao.com\/1\/wp-json\/wp\/v2\/users\/1"}],"replies":[{"embeddable":true,"href":"https:\/\/www.caririemacao.com\/1\/wp-json\/wp\/v2\/comments?post=77642"}],"version-history":[{"count":1,"href":"https:\/\/www.caririemacao.com\/1\/wp-json\/wp\/v2\/posts\/77642\/revisions"}],"predecessor-version":[{"id":77643,"href":"https:\/\/www.caririemacao.com\/1\/wp-json\/wp\/v2\/posts\/77642\/revisions\/77643"}],"wp:featuredmedia":[{"embeddable":true,"href":"https:\/\/www.caririemacao.com\/1\/wp-json\/wp\/v2\/media\/51063"}],"wp:attachment":[{"href":"https:\/\/www.caririemacao.com\/1\/wp-json\/wp\/v2\/media?parent=77642"}],"wp:term":[{"taxonomy":"category","embeddable":true,"href":"https:\/\/www.caririemacao.com\/1\/wp-json\/wp\/v2\/categories?post=77642"},{"taxonomy":"post_tag","embeddable":true,"href":"https:\/\/www.caririemacao.com\/1\/wp-json\/wp\/v2\/tags?post=77642"}],"curies":[{"name":"wp","href":"https:\/\/api.w.org\/{rel}","templated":true}]}}