{"id":77650,"date":"2018-12-21T09:19:40","date_gmt":"2018-12-21T12:19:40","guid":{"rendered":"http:\/\/www.caririemacao.com\/1\/?p=77650"},"modified":"2018-12-21T09:19:40","modified_gmt":"2018-12-21T12:19:40","slug":"comercio-lidera-saldo-positivo-de-empregos-com-carteira-assinada-em-novembro-na-paraiba","status":"publish","type":"post","link":"https:\/\/www.caririemacao.com\/1\/2018\/12\/21\/comercio-lidera-saldo-positivo-de-empregos-com-carteira-assinada-em-novembro-na-paraiba\/","title":{"rendered":"Com\u00e9rcio lidera saldo positivo de empregos com carteira assinada em novembro na Para\u00edba"},"content":{"rendered":"<p>Apesar da lenta retomada de crescimento econ\u00f4mico do pa\u00eds, o mercado de trabalho paraibano vem reagindo bem este ano. Pelo sexto m\u00eas consecutivo, a Para\u00edba gerou saldo positivo de cria\u00e7\u00e3o de vagas com carteira assinada. Em novembro, a Para\u00edba gerou saldo de 1.014 vagas de empregos, tendo o com\u00e9rcio como a lideran\u00e7a da cria\u00e7\u00e3o de postos formais diante da expectativa de vendas de final de ano, segundo dados do Cadastro Geral de Empregados e Desempregados (Caged) do Minist\u00e9rio do Trabalho, divulgados nesta quinta-feira (20).<\/p>\n<p>O com\u00e9rcio varejista e atacadista com saldo de 1.106 postos concentrou a cria\u00e7\u00e3o de vagas em novembro, seguido de servi\u00e7os (443). Contudo, os setores da agropecu\u00e1ria (-326), constru\u00e7\u00e3o (-169) e ind\u00fastria (-16) apresentaram quedas.<\/p>\n<div class=\"td-a-rec td-a-rec-id-content_inline  \"><span class=\"td-adspot-title\">A sequ\u00eancia de saldo positivo nos empregos come\u00e7ou em junho (401), subiu em julho (1.353), disparou em agosto (7.244), e manteve o saldo positivo nos tr\u00eas meses seguintes: setembro (2.083), outubro (1.239) e agora novembro (1.014).<\/span><\/div>\n<p>No acumulado de janeiro a novembro, a Para\u00edba soma agora um saldo de 7.906 postos de trabalho. \u00c9 o melhor saldo dos \u00faltimos tr\u00eas anos, ap\u00f3s a crise econ\u00f4mica recessiva que o pa\u00eds mergulhou.\u00a0\u00a0Os setores de servi\u00e7os (5.064), com\u00e9rcio (2.114), agropecu\u00e1ria (894) e ind\u00fastria de transforma\u00e7\u00e3o (461) concentraram as contrata\u00e7\u00f5es positivas no ano. Somente a constru\u00e7\u00e3o civil continua negativa (-503). As cidades de Jo\u00e3o Pessoa (2.774) e Campina Grande (1.912) concentraram as vagas criadas nos onze meses.<\/p>\n<div class=\"google-auto-placed ap_container\"><ins class=\"adsbygoogle adsbygoogle-noablate\" data-adsbygoogle-status=\"done\" data-ad-client=\"ca-pub-1593055478228631\" data-ad-format=\"auto\"><ins id=\"aswift_2_expand\"><ins id=\"aswift_2_anchor\"><\/ins><\/ins><\/ins><strong>Cen\u00e1rio Regional<\/strong>\u00a0\u2013 Houve aumento no n\u00famero de empregos em tr\u00eas das cinco regi\u00f5es do Brasil. No Sudeste, foram 35.069 postos de trabalho. Em seguida apareceram Sul (15.988) e Nordeste (7.301). J\u00e1 as regi\u00f5es Centro-Oeste (-7.537) e Norte (-932) tiveram saldos negativos de emprego. O Brasil terminou o m\u00eas de outubro com saldo positivo de +58.664 postos de trabalho formais, o que representa um acr\u00e9scimo de +0,15%, em rela\u00e7\u00e3o ao m\u00eas anterior. No acumulado do ano houve crescimento de 858.415 empregos, uma varia\u00e7\u00e3o de +2,27%.<\/div>\n","protected":false},"excerpt":{"rendered":"<p>Apesar da lenta retomada de crescimento econ\u00f4mico do pa\u00eds, o mercado de trabalho paraibano vem reagindo bem este ano. Pelo sexto m\u00eas consecutivo, a Para\u00edba&hellip; <\/p>\n","protected":false},"author":1,"featured_media":16593,"comment_status":"closed","ping_status":"closed","sticky":false,"template":"","format":"standard","meta":{"sfsi_plus_gutenberg_text_before_share":"","sfsi_plus_gutenberg_show_text_before_share":"","sfsi_plus_gutenberg_icon_type":"","sfsi_plus_gutenberg_icon_alignemt":"","sfsi_plus_gutenburg_max_per_row":"","footnotes":""},"categories":[50,2],"tags":[],"class_list":["post-77650","post","type-post","status-publish","format-standard","has-post-thumbnail","hentry","category-destaque","category-geral"],"_links":{"self":[{"href":"https:\/\/www.caririemacao.com\/1\/wp-json\/wp\/v2\/posts\/77650","targetHints":{"allow":["GET"]}}],"collection":[{"href":"https:\/\/www.caririemacao.com\/1\/wp-json\/wp\/v2\/posts"}],"about":[{"href":"https:\/\/www.caririemacao.com\/1\/wp-json\/wp\/v2\/types\/post"}],"author":[{"embeddable":true,"href":"https:\/\/www.caririemacao.com\/1\/wp-json\/wp\/v2\/users\/1"}],"replies":[{"embeddable":true,"href":"https:\/\/www.caririemacao.com\/1\/wp-json\/wp\/v2\/comments?post=77650"}],"version-history":[{"count":1,"href":"https:\/\/www.caririemacao.com\/1\/wp-json\/wp\/v2\/posts\/77650\/revisions"}],"predecessor-version":[{"id":77652,"href":"https:\/\/www.caririemacao.com\/1\/wp-json\/wp\/v2\/posts\/77650\/revisions\/77652"}],"wp:featuredmedia":[{"embeddable":true,"href":"https:\/\/www.caririemacao.com\/1\/wp-json\/wp\/v2\/media\/16593"}],"wp:attachment":[{"href":"https:\/\/www.caririemacao.com\/1\/wp-json\/wp\/v2\/media?parent=77650"}],"wp:term":[{"taxonomy":"category","embeddable":true,"href":"https:\/\/www.caririemacao.com\/1\/wp-json\/wp\/v2\/categories?post=77650"},{"taxonomy":"post_tag","embeddable":true,"href":"https:\/\/www.caririemacao.com\/1\/wp-json\/wp\/v2\/tags?post=77650"}],"curies":[{"name":"wp","href":"https:\/\/api.w.org\/{rel}","templated":true}]}}