{"id":77655,"date":"2018-12-21T09:25:59","date_gmt":"2018-12-21T12:25:59","guid":{"rendered":"http:\/\/www.caririemacao.com\/1\/?p=77655"},"modified":"2018-12-21T09:25:59","modified_gmt":"2018-12-21T12:25:59","slug":"ministro-de-bolsonaro-e-condenado-por-improbidade-e-tem-direitos-politicos-suspensos","status":"publish","type":"post","link":"https:\/\/www.caririemacao.com\/1\/2018\/12\/21\/ministro-de-bolsonaro-e-condenado-por-improbidade-e-tem-direitos-politicos-suspensos\/","title":{"rendered":"Ministro de Bolsonaro \u00e9 condenado por improbidade e tem direitos pol\u00edticos suspensos"},"content":{"rendered":"<p>O futuro ministro do Meio Ambiente, Ricardo Salles , foi condenado nesta quarta-feira por improbidade administrativa pelo juiz Fausto Jos\u00e9 Martins Seabra, da 3\u00aa Vara da Fazenda P\u00fablica de S\u00e3o Paulo. O magistrado determinou a perda dos diretos pol\u00edticos de Salles por tr\u00eas anos. Cabe recurso da decis\u00e3o.<\/p>\n<p>Na a\u00e7\u00e3o, o Minist\u00e9rio P\u00fablico Estadual acusa o futuro ministro de adulterar mapas do Plano de Manejo da \u00c1rea de Prote\u00e7\u00e3o Ambiental V\u00e1rzea do Rio Tiet\u00ea para beneficiar setores econ\u00f4micos no per\u00edodo em que o ocupou o cargo de secret\u00e1rio de Meio Ambiente de S\u00e3o Paulo no governo Geraldo Alckmin, entre 2016 e agosto de 2017.<\/p>\n<p>O MP argumenta que o futuro ministro procurou beneficiar setores econ\u00f4micos, \u201cnotadamente a minera\u00e7\u00e3o\u201d, e algumas empresas ligadas \u00e0 Federa\u00e7\u00e3o das Ind\u00fastrias do Estado de S\u00e3o Paulo (Fiesp), que tamb\u00e9m foi condenada na a\u00e7\u00e3o.<\/p>\n<p>Al\u00e9m da perda dos diretos pol\u00edticos, o juiz determinou que Salles deva pagar multa equivalente a dez vezes o sal\u00e1rio mensal de secret\u00e1rio.<\/p>\n<p>\u201c(\u2026) O ent\u00e3o secret\u00e1rio violou os princ\u00edpios constitucionais administrativos da legalidade, impessoalidade, moralidade e publicidade\u201d, escreveu o magistrado, em trecho do despacho.<\/p>\n<p>Salles afirmou que pretende recorrer da decis\u00e3o.<\/p>\n<p>\u2014 A senten\u00e7a reconhece que n\u00e3o houve dano ambiental, que eu n\u00e3o tive nenhuma vantagem pessoal, reconhece que n\u00e3o h\u00e1 nada grave e me condena no m\u00ednimo legal \u2014 afirmou o futuro ministro do Meio Ambiente do governo de Jair Bolsonaro (PSL).<\/p>\n<p>&nbsp;<\/p>\n<p>O GLOBO<\/p>\n","protected":false},"excerpt":{"rendered":"<p>O futuro ministro do Meio Ambiente, Ricardo Salles , foi condenado nesta quarta-feira por improbidade administrativa pelo juiz Fausto Jos\u00e9 Martins Seabra, da 3\u00aa Vara&hellip; <\/p>\n","protected":false},"author":1,"featured_media":77656,"comment_status":"closed","ping_status":"closed","sticky":false,"template":"","format":"standard","meta":{"sfsi_plus_gutenberg_text_before_share":"","sfsi_plus_gutenberg_show_text_before_share":"","sfsi_plus_gutenberg_icon_type":"","sfsi_plus_gutenberg_icon_alignemt":"","sfsi_plus_gutenburg_max_per_row":"","footnotes":""},"categories":[11],"tags":[],"class_list":["post-77655","post","type-post","status-publish","format-standard","has-post-thumbnail","hentry","category-politica"],"_links":{"self":[{"href":"https:\/\/www.caririemacao.com\/1\/wp-json\/wp\/v2\/posts\/77655","targetHints":{"allow":["GET"]}}],"collection":[{"href":"https:\/\/www.caririemacao.com\/1\/wp-json\/wp\/v2\/posts"}],"about":[{"href":"https:\/\/www.caririemacao.com\/1\/wp-json\/wp\/v2\/types\/post"}],"author":[{"embeddable":true,"href":"https:\/\/www.caririemacao.com\/1\/wp-json\/wp\/v2\/users\/1"}],"replies":[{"embeddable":true,"href":"https:\/\/www.caririemacao.com\/1\/wp-json\/wp\/v2\/comments?post=77655"}],"version-history":[{"count":1,"href":"https:\/\/www.caririemacao.com\/1\/wp-json\/wp\/v2\/posts\/77655\/revisions"}],"predecessor-version":[{"id":77657,"href":"https:\/\/www.caririemacao.com\/1\/wp-json\/wp\/v2\/posts\/77655\/revisions\/77657"}],"wp:featuredmedia":[{"embeddable":true,"href":"https:\/\/www.caririemacao.com\/1\/wp-json\/wp\/v2\/media\/77656"}],"wp:attachment":[{"href":"https:\/\/www.caririemacao.com\/1\/wp-json\/wp\/v2\/media?parent=77655"}],"wp:term":[{"taxonomy":"category","embeddable":true,"href":"https:\/\/www.caririemacao.com\/1\/wp-json\/wp\/v2\/categories?post=77655"},{"taxonomy":"post_tag","embeddable":true,"href":"https:\/\/www.caririemacao.com\/1\/wp-json\/wp\/v2\/tags?post=77655"}],"curies":[{"name":"wp","href":"https:\/\/api.w.org\/{rel}","templated":true}]}}