{"id":77658,"date":"2018-12-21T09:45:05","date_gmt":"2018-12-21T12:45:05","guid":{"rendered":"http:\/\/www.caririemacao.com\/1\/?p=77658"},"modified":"2018-12-21T10:59:04","modified_gmt":"2018-12-21T13:59:04","slug":"prefeitura-realiza-confraternizacao-para-servidores-municipais-de-ouro-velho","status":"publish","type":"post","link":"https:\/\/www.caririemacao.com\/1\/2018\/12\/21\/prefeitura-realiza-confraternizacao-para-servidores-municipais-de-ouro-velho\/","title":{"rendered":"Prefeitura realiza confraterniza\u00e7\u00e3o para servidores municipais de Ouro Velho"},"content":{"rendered":"<p>A Prefeitura Municipal de Ouro Velho promoveu na noite desta quinta-feira, dia 20, no Clube Municipal, o jantar de confraterniza\u00e7\u00e3o entre todos os Servidores P\u00fablicos do Munic\u00edpio em agradecimento aos servi\u00e7os prestados no ano de 2018.<\/p>\n<p><img fetchpriority=\"high\" decoding=\"async\" class=\"alignnone wp-image-77659 size-full\" src=\"http:\/\/www.caririemacao.com\/1\/wp-content\/uploads\/2018\/12\/FB_IMG_1545396193325.jpg\" alt=\"\" width=\"720\" height=\"480\" srcset=\"https:\/\/www.caririemacao.com\/1\/wp-content\/uploads\/2018\/12\/FB_IMG_1545396193325.jpg 720w, https:\/\/www.caririemacao.com\/1\/wp-content\/uploads\/2018\/12\/FB_IMG_1545396193325-300x200.jpg 300w\" sizes=\"(max-width: 720px) 100vw, 720px\" \/><br \/>\nO encontro contou com a presen\u00e7a do vice-prefeito Fl\u00e1vio Henrique, dos secret\u00e1rios municipais, dos vereadores Erivonaldo, Marta, Val e Paulino, do esposo da prefeita Nat\u00e1lia, Dr. J\u00fanior, e familiares dos servidores.<\/p>\n<p><img decoding=\"async\" class=\"alignnone wp-image-77712 size-full lazyload\" data-src=\"http:\/\/www.caririemacao.com\/1\/wp-content\/uploads\/2018\/12\/48385860_1435319933270692_2519781961656958976_n.jpg\" alt=\"\" width=\"960\" height=\"640\" data-srcset=\"https:\/\/www.caririemacao.com\/1\/wp-content\/uploads\/2018\/12\/48385860_1435319933270692_2519781961656958976_n.jpg 960w, https:\/\/www.caririemacao.com\/1\/wp-content\/uploads\/2018\/12\/48385860_1435319933270692_2519781961656958976_n-300x200.jpg 300w, https:\/\/www.caririemacao.com\/1\/wp-content\/uploads\/2018\/12\/48385860_1435319933270692_2519781961656958976_n-768x512.jpg 768w\" data-sizes=\"(max-width: 960px) 100vw, 960px\" src=\"data:image\/svg+xml;base64,PHN2ZyB3aWR0aD0iMSIgaGVpZ2h0PSIxIiB4bWxucz0iaHR0cDovL3d3dy53My5vcmcvMjAwMC9zdmciPjwvc3ZnPg==\" style=\"--smush-placeholder-width: 960px; --smush-placeholder-aspect-ratio: 960\/640;\" \/><br \/>\nDr. J\u00fanior e o vice-prefeito Fl\u00e1vio Henrique realizaram o discurso de agradecimento e reconhecimento pelos trabalhos prestados nesse ano de 2018, o qual faz toda a administra\u00e7\u00e3o se desenvolver num trabalho conjunto em prol da comunidade ourovelhense como um todo.<\/p>\n<p><img decoding=\"async\" class=\"alignnone wp-image-77713 size-full lazyload\" data-src=\"http:\/\/www.caririemacao.com\/1\/wp-content\/uploads\/2018\/12\/49071701_1435307279938624_8854901660045017088_n.jpg\" alt=\"\" width=\"960\" height=\"640\" data-srcset=\"https:\/\/www.caririemacao.com\/1\/wp-content\/uploads\/2018\/12\/49071701_1435307279938624_8854901660045017088_n.jpg 960w, https:\/\/www.caririemacao.com\/1\/wp-content\/uploads\/2018\/12\/49071701_1435307279938624_8854901660045017088_n-300x200.jpg 300w, https:\/\/www.caririemacao.com\/1\/wp-content\/uploads\/2018\/12\/49071701_1435307279938624_8854901660045017088_n-768x512.jpg 768w\" data-sizes=\"(max-width: 960px) 100vw, 960px\" src=\"data:image\/svg+xml;base64,PHN2ZyB3aWR0aD0iMSIgaGVpZ2h0PSIxIiB4bWxucz0iaHR0cDovL3d3dy53My5vcmcvMjAwMC9zdmciPjwvc3ZnPg==\" style=\"--smush-placeholder-width: 960px; --smush-placeholder-aspect-ratio: 960\/640;\" \/><br \/>\nA anima\u00e7\u00e3o da festa ficou por conta de Jackosn Monteiro e banda, com participa\u00e7\u00e3o de Allyson Sanfoneiro.<\/p>\n<p><img decoding=\"async\" class=\"alignnone wp-image-77711 size-full lazyload\" data-src=\"http:\/\/www.caririemacao.com\/1\/wp-content\/uploads\/2018\/12\/49124851_1435306109938741_8131558566726205440_n.jpg\" alt=\"\" width=\"960\" height=\"640\" data-srcset=\"https:\/\/www.caririemacao.com\/1\/wp-content\/uploads\/2018\/12\/49124851_1435306109938741_8131558566726205440_n.jpg 960w, https:\/\/www.caririemacao.com\/1\/wp-content\/uploads\/2018\/12\/49124851_1435306109938741_8131558566726205440_n-300x200.jpg 300w, https:\/\/www.caririemacao.com\/1\/wp-content\/uploads\/2018\/12\/49124851_1435306109938741_8131558566726205440_n-768x512.jpg 768w\" data-sizes=\"(max-width: 960px) 100vw, 960px\" src=\"data:image\/svg+xml;base64,PHN2ZyB3aWR0aD0iMSIgaGVpZ2h0PSIxIiB4bWxucz0iaHR0cDovL3d3dy53My5vcmcvMjAwMC9zdmciPjwvc3ZnPg==\" style=\"--smush-placeholder-width: 960px; --smush-placeholder-aspect-ratio: 960\/640;\" \/><\/p>\n<p>Reda\u00e7\u00e3o Cariri em A\u00e7\u00e3o<\/p>\n","protected":false},"excerpt":{"rendered":"<p>A Prefeitura Municipal de Ouro Velho promoveu na noite desta quinta-feira, dia 20, no Clube Municipal, o jantar de confraterniza\u00e7\u00e3o entre todos os Servidores P\u00fablicos&hellip; <\/p>\n","protected":false},"author":1,"featured_media":77709,"comment_status":"closed","ping_status":"closed","sticky":false,"template":"","format":"standard","meta":{"sfsi_plus_gutenberg_text_before_share":"","sfsi_plus_gutenberg_show_text_before_share":"","sfsi_plus_gutenberg_icon_type":"","sfsi_plus_gutenberg_icon_alignemt":"","sfsi_plus_gutenburg_max_per_row":"","footnotes":""},"categories":[6],"tags":[],"class_list":["post-77658","post","type-post","status-publish","format-standard","has-post-thumbnail","hentry","category-cidades"],"_links":{"self":[{"href":"https:\/\/www.caririemacao.com\/1\/wp-json\/wp\/v2\/posts\/77658","targetHints":{"allow":["GET"]}}],"collection":[{"href":"https:\/\/www.caririemacao.com\/1\/wp-json\/wp\/v2\/posts"}],"about":[{"href":"https:\/\/www.caririemacao.com\/1\/wp-json\/wp\/v2\/types\/post"}],"author":[{"embeddable":true,"href":"https:\/\/www.caririemacao.com\/1\/wp-json\/wp\/v2\/users\/1"}],"replies":[{"embeddable":true,"href":"https:\/\/www.caririemacao.com\/1\/wp-json\/wp\/v2\/comments?post=77658"}],"version-history":[{"count":4,"href":"https:\/\/www.caririemacao.com\/1\/wp-json\/wp\/v2\/posts\/77658\/revisions"}],"predecessor-version":[{"id":77714,"href":"https:\/\/www.caririemacao.com\/1\/wp-json\/wp\/v2\/posts\/77658\/revisions\/77714"}],"wp:featuredmedia":[{"embeddable":true,"href":"https:\/\/www.caririemacao.com\/1\/wp-json\/wp\/v2\/media\/77709"}],"wp:attachment":[{"href":"https:\/\/www.caririemacao.com\/1\/wp-json\/wp\/v2\/media?parent=77658"}],"wp:term":[{"taxonomy":"category","embeddable":true,"href":"https:\/\/www.caririemacao.com\/1\/wp-json\/wp\/v2\/categories?post=77658"},{"taxonomy":"post_tag","embeddable":true,"href":"https:\/\/www.caririemacao.com\/1\/wp-json\/wp\/v2\/tags?post=77658"}],"curies":[{"name":"wp","href":"https:\/\/api.w.org\/{rel}","templated":true}]}}