{"id":77664,"date":"2018-12-21T09:49:20","date_gmt":"2018-12-21T12:49:20","guid":{"rendered":"http:\/\/www.caririemacao.com\/1\/?p=77664"},"modified":"2018-12-21T09:49:20","modified_gmt":"2018-12-21T12:49:20","slug":"prefeitura-de-camalau-paga-2a-parcela-do-13o-salario-em-dia","status":"publish","type":"post","link":"https:\/\/www.caririemacao.com\/1\/2018\/12\/21\/prefeitura-de-camalau-paga-2a-parcela-do-13o-salario-em-dia\/","title":{"rendered":"Prefeitura de Camala\u00fa paga 2\u00aa parcela do 13\u00ba sal\u00e1rio em dia"},"content":{"rendered":"<p>O prefeito de Camala\u00fa, Sandro M\u00f4co informa que o pagamento da segunda parcela do 13\u00ba sal\u00e1rio do funcionalismo p\u00fablico efetivo j\u00e1 se encontra depositado nas respectivas contas.<br \/>\nO prefeito destacou o pagamento da segunda parcela aos servidores e o repasse do duod\u00e9cimo a C\u00e2mara Municipal, antes mesmo do prazo estabelcido em lei.<br \/>\n\u201cEnquanto muitas cidades est\u00e3o com dificuldades em pagar o d\u00e9cimo terceiro, atrasando sal\u00e1rio, n\u00f3s que fazemos a Gest\u00e3o Municipal de Camala\u00fa, estamos cumprindo a lei rigorosamente, pagando o que \u00e9 de direito aos nossos servidores. Vamos continuar mantendo o pagamento em dia dos nossos servidores\u201d, disse.<br \/>\nPara o secret\u00e1rio de finan\u00e7as, Marcos Montenegro, o p gesagamento s\u00f3 foi possivel gra\u00e7as a pol\u00edtica fiscal adotada nesta gest\u00e3o, tratando os recursos com muita seriedade e respeito ao povo.<\/p>\n<p>&nbsp;<\/p>\n<p>Ascom\/Camalau<\/p>\n","protected":false},"excerpt":{"rendered":"<p>O prefeito de Camala\u00fa, Sandro M\u00f4co informa que o pagamento da segunda parcela do 13\u00ba sal\u00e1rio do funcionalismo p\u00fablico efetivo j\u00e1 se encontra depositado nas&hellip; <\/p>\n","protected":false},"author":1,"featured_media":15964,"comment_status":"closed","ping_status":"closed","sticky":false,"template":"","format":"standard","meta":{"sfsi_plus_gutenberg_text_before_share":"","sfsi_plus_gutenberg_show_text_before_share":"","sfsi_plus_gutenberg_icon_type":"","sfsi_plus_gutenberg_icon_alignemt":"","sfsi_plus_gutenburg_max_per_row":"","footnotes":""},"categories":[2],"tags":[],"class_list":["post-77664","post","type-post","status-publish","format-standard","has-post-thumbnail","hentry","category-geral"],"_links":{"self":[{"href":"https:\/\/www.caririemacao.com\/1\/wp-json\/wp\/v2\/posts\/77664","targetHints":{"allow":["GET"]}}],"collection":[{"href":"https:\/\/www.caririemacao.com\/1\/wp-json\/wp\/v2\/posts"}],"about":[{"href":"https:\/\/www.caririemacao.com\/1\/wp-json\/wp\/v2\/types\/post"}],"author":[{"embeddable":true,"href":"https:\/\/www.caririemacao.com\/1\/wp-json\/wp\/v2\/users\/1"}],"replies":[{"embeddable":true,"href":"https:\/\/www.caririemacao.com\/1\/wp-json\/wp\/v2\/comments?post=77664"}],"version-history":[{"count":1,"href":"https:\/\/www.caririemacao.com\/1\/wp-json\/wp\/v2\/posts\/77664\/revisions"}],"predecessor-version":[{"id":77665,"href":"https:\/\/www.caririemacao.com\/1\/wp-json\/wp\/v2\/posts\/77664\/revisions\/77665"}],"wp:featuredmedia":[{"embeddable":true,"href":"https:\/\/www.caririemacao.com\/1\/wp-json\/wp\/v2\/media\/15964"}],"wp:attachment":[{"href":"https:\/\/www.caririemacao.com\/1\/wp-json\/wp\/v2\/media?parent=77664"}],"wp:term":[{"taxonomy":"category","embeddable":true,"href":"https:\/\/www.caririemacao.com\/1\/wp-json\/wp\/v2\/categories?post=77664"},{"taxonomy":"post_tag","embeddable":true,"href":"https:\/\/www.caririemacao.com\/1\/wp-json\/wp\/v2\/tags?post=77664"}],"curies":[{"name":"wp","href":"https:\/\/api.w.org\/{rel}","templated":true}]}}