{"id":77671,"date":"2018-12-21T10:02:20","date_gmt":"2018-12-21T13:02:20","guid":{"rendered":"http:\/\/www.caririemacao.com\/1\/?p=77671"},"modified":"2018-12-21T10:02:20","modified_gmt":"2018-12-21T13:02:20","slug":"supremo-pode-decidir-hoje-sobre-liberdade-de-joao-de-deus","status":"publish","type":"post","link":"https:\/\/www.caririemacao.com\/1\/2018\/12\/21\/supremo-pode-decidir-hoje-sobre-liberdade-de-joao-de-deus\/","title":{"rendered":"Supremo pode decidir hoje sobre liberdade de Jo\u00e3o de Deus"},"content":{"rendered":"<p>O presidente do Supremo Tribunal Federal (STF), Dias Toffoli, pode decidir hoje (21) sobre o pedido de liberdade impetrado pela defesa do m\u00e9dium Jo\u00e3o Teixeira de Faria, o Jo\u00e3o de Deus. Ele est\u00e1\u00a0preso preventivamente h\u00e1 cinco dias, no Complexo Prisional de Aparecida de Goi\u00e2nia, suspeito de crimes sexuais.<\/p>\n<p>O <em>habeas corpus<\/em> foi sorteado para relatoria do ministro Gilmar Mendes, mas devido ao recesso do Judici\u00e1rio, que come\u00e7ou h\u00e1 dois dias, o processo foi encaminhado para o gabinete do presidente do STF, ministro Dias Toffoli, respons\u00e1vel pelo plant\u00e3o.<\/p>\n<p>Ontem (20), Toffoli pediu informa\u00e7\u00f5es ao Superior Tribunal de Justi\u00e7a (STJ) antes de decidir sobre o\u00a0pedido de liberdade feito pela defesa. A pris\u00e3o preventiva foi decretada pela Justi\u00e7a de Goi\u00e1s com base em 15 den\u00fancias j\u00e1 formalizadas em Goi\u00e2nia.<\/p>\n<p>H\u00e1 dois dias, o ministro Nefi Cordeiro, do STJ,\u00a0negou seguimento a um <em>habeas corpus<\/em>\u00a0impetrado pelo advogado Alberto Toron, que representa o m\u00e9dium. Ele argumentou supress\u00e3o de inst\u00e2ncias, uma vez que um pedido de liberdade ainda est\u00e1 pendente de julgamento na primeira inst\u00e2ncia.<\/p>\n<p>O Tribunal de Justi\u00e7a de Goi\u00e1s (TJ-GO)\u00a0negou liminar para soltar o m\u00e9dium, mas ainda n\u00e3o julgou o m\u00e9rito do <em>habeas corpus<\/em> impetrado na primeira inst\u00e2ncia.<\/p>\n<p><strong>Indiciamento<\/strong><\/p>\n<p>Nessa quinta-feira (20), a Pol\u00edcia Civil indiciou\u00a0 Jo\u00e3o de Deus \u00a0pelo crime de viola\u00e7\u00e3o sexual mediante fraude. O inqu\u00e9rito se refere \u00e0 den\u00fancia espec\u00edfica de uma mulher de 39 anos. De acordo com a v\u00edtima, o crime ocorreu em outubro deste ano, durante atendimento espiritual na Casa\u00a0Dom\u00a0In\u00e1cio de Loyola, em Abadi\u00e2nia (GO), a 118 quil\u00f4metros de Bras\u00edlia.<\/p>\n<p>&nbsp;<\/p>\n<p>EBC<\/p>\n","protected":false},"excerpt":{"rendered":"<p>O presidente do Supremo Tribunal Federal (STF), Dias Toffoli, pode decidir hoje (21) sobre o pedido de liberdade impetrado pela defesa do m\u00e9dium Jo\u00e3o Teixeira&hellip; <\/p>\n","protected":false},"author":1,"featured_media":77674,"comment_status":"closed","ping_status":"closed","sticky":false,"template":"","format":"standard","meta":{"sfsi_plus_gutenberg_text_before_share":"","sfsi_plus_gutenberg_show_text_before_share":"","sfsi_plus_gutenberg_icon_type":"","sfsi_plus_gutenberg_icon_alignemt":"","sfsi_plus_gutenburg_max_per_row":"","footnotes":""},"categories":[2],"tags":[],"class_list":["post-77671","post","type-post","status-publish","format-standard","has-post-thumbnail","hentry","category-geral"],"_links":{"self":[{"href":"https:\/\/www.caririemacao.com\/1\/wp-json\/wp\/v2\/posts\/77671","targetHints":{"allow":["GET"]}}],"collection":[{"href":"https:\/\/www.caririemacao.com\/1\/wp-json\/wp\/v2\/posts"}],"about":[{"href":"https:\/\/www.caririemacao.com\/1\/wp-json\/wp\/v2\/types\/post"}],"author":[{"embeddable":true,"href":"https:\/\/www.caririemacao.com\/1\/wp-json\/wp\/v2\/users\/1"}],"replies":[{"embeddable":true,"href":"https:\/\/www.caririemacao.com\/1\/wp-json\/wp\/v2\/comments?post=77671"}],"version-history":[{"count":1,"href":"https:\/\/www.caririemacao.com\/1\/wp-json\/wp\/v2\/posts\/77671\/revisions"}],"predecessor-version":[{"id":77675,"href":"https:\/\/www.caririemacao.com\/1\/wp-json\/wp\/v2\/posts\/77671\/revisions\/77675"}],"wp:featuredmedia":[{"embeddable":true,"href":"https:\/\/www.caririemacao.com\/1\/wp-json\/wp\/v2\/media\/77674"}],"wp:attachment":[{"href":"https:\/\/www.caririemacao.com\/1\/wp-json\/wp\/v2\/media?parent=77671"}],"wp:term":[{"taxonomy":"category","embeddable":true,"href":"https:\/\/www.caririemacao.com\/1\/wp-json\/wp\/v2\/categories?post=77671"},{"taxonomy":"post_tag","embeddable":true,"href":"https:\/\/www.caririemacao.com\/1\/wp-json\/wp\/v2\/tags?post=77671"}],"curies":[{"name":"wp","href":"https:\/\/api.w.org\/{rel}","templated":true}]}}