{"id":77672,"date":"2018-12-21T10:03:02","date_gmt":"2018-12-21T13:03:02","guid":{"rendered":"http:\/\/www.caririemacao.com\/1\/?p=77672"},"modified":"2018-12-21T10:03:02","modified_gmt":"2018-12-21T13:03:02","slug":"prefeito-de-zabele-descumpre-lei-e-nao-paga-13o-salario-aos-servidores","status":"publish","type":"post","link":"https:\/\/www.caririemacao.com\/1\/2018\/12\/21\/prefeito-de-zabele-descumpre-lei-e-nao-paga-13o-salario-aos-servidores\/","title":{"rendered":"Prefeito de Zabel\u00ea descumpre lei e n\u00e3o paga 13\u00ba sal\u00e1rio aos servidores"},"content":{"rendered":"<p>Enquanto muito dos municipios brasileiros, mesmo com as dificuldades enfretadas, pagou o 13\u00ba sal\u00e1rio aos servidores, cumprindo a legisla\u00e7\u00e3o vigente, o prefeito de Zabel\u00ea, no Cariri Paraibano, Dalyson Neves, descumpre a lei e deixa de pagar o 13\u00ba aos servidores da Prefeitura Municipal.<\/p>\n<p>Segundo a lei, o benef\u00edcio \u00e9 direito de todo trabalhador, do servi\u00e7o p\u00fablico e da iniciativa privada, urbano, rural, avulso e dom\u00e9stico, garantido pela Constitui\u00e7\u00e3o de 1988 (art. 7\u00ba, VIII). O prazo estabelecido por lei para que o prefeito pagasse o 13\u00ba sal\u00e1rio aos servidores era at\u00e9 essa quinta-feira, dia 20 de dezembro.<\/p>\n<p>Na rede social, v\u00e1rios servidores demostraram sua revolta em desfavor ao prefeito, sugerindo inclusive de irem at\u00e9 encaminhar den\u00fancia ao Minist\u00e9rio P\u00fablico para que o prefeito pagasse o que de fato \u00e9 direito dos servidores.<\/p>\n<p>Para o vereador zabeleense, Jo\u00e3o Sator, essa \u00e9 uma falta de respeito com os servidores que movimentam a gest\u00e3o p\u00fablica. O parlamentar destacou que a medida prejudica esses trabalhadores, os quais contavam com o valor integral para suprir as suas necessidades e compromissos j\u00e1 assumidos de fim de ano.<\/p>\n<p>&#8220;Com esta medida, o prefeito acaba desmotivando ainda mais os servidores p\u00fablicos municipais. Essa desmotiva\u00e7\u00e3o pode acabar afetando toda a popula\u00e7\u00e3o ao prejudicar o desempenho dos servidores p\u00fablicos. Todo servidor, que trabalha o ano todo, conta com o 13\u00ba Sal\u00e1rio para fazer a sua ceia de Natal e Ano Novo, para comprar presentes, viagens ou, at\u00e9 mesmo, para saldar contas atrasadas&#8221;, ressaltou.<\/p>\n","protected":false},"excerpt":{"rendered":"<p>Enquanto muito dos municipios brasileiros, mesmo com as dificuldades enfretadas, pagou o 13\u00ba sal\u00e1rio aos servidores, cumprindo a legisla\u00e7\u00e3o vigente, o prefeito de Zabel\u00ea, no&hellip; <\/p>\n","protected":false},"author":2,"featured_media":77673,"comment_status":"closed","ping_status":"closed","sticky":false,"template":"","format":"standard","meta":{"sfsi_plus_gutenberg_text_before_share":"","sfsi_plus_gutenberg_show_text_before_share":"","sfsi_plus_gutenberg_icon_type":"","sfsi_plus_gutenberg_icon_alignemt":"","sfsi_plus_gutenburg_max_per_row":"","footnotes":""},"categories":[2],"tags":[],"class_list":["post-77672","post","type-post","status-publish","format-standard","has-post-thumbnail","hentry","category-geral"],"_links":{"self":[{"href":"https:\/\/www.caririemacao.com\/1\/wp-json\/wp\/v2\/posts\/77672","targetHints":{"allow":["GET"]}}],"collection":[{"href":"https:\/\/www.caririemacao.com\/1\/wp-json\/wp\/v2\/posts"}],"about":[{"href":"https:\/\/www.caririemacao.com\/1\/wp-json\/wp\/v2\/types\/post"}],"author":[{"embeddable":true,"href":"https:\/\/www.caririemacao.com\/1\/wp-json\/wp\/v2\/users\/2"}],"replies":[{"embeddable":true,"href":"https:\/\/www.caririemacao.com\/1\/wp-json\/wp\/v2\/comments?post=77672"}],"version-history":[{"count":1,"href":"https:\/\/www.caririemacao.com\/1\/wp-json\/wp\/v2\/posts\/77672\/revisions"}],"predecessor-version":[{"id":77679,"href":"https:\/\/www.caririemacao.com\/1\/wp-json\/wp\/v2\/posts\/77672\/revisions\/77679"}],"wp:featuredmedia":[{"embeddable":true,"href":"https:\/\/www.caririemacao.com\/1\/wp-json\/wp\/v2\/media\/77673"}],"wp:attachment":[{"href":"https:\/\/www.caririemacao.com\/1\/wp-json\/wp\/v2\/media?parent=77672"}],"wp:term":[{"taxonomy":"category","embeddable":true,"href":"https:\/\/www.caririemacao.com\/1\/wp-json\/wp\/v2\/categories?post=77672"},{"taxonomy":"post_tag","embeddable":true,"href":"https:\/\/www.caririemacao.com\/1\/wp-json\/wp\/v2\/tags?post=77672"}],"curies":[{"name":"wp","href":"https:\/\/api.w.org\/{rel}","templated":true}]}}