{"id":77684,"date":"2018-12-21T10:06:36","date_gmt":"2018-12-21T13:06:36","guid":{"rendered":"http:\/\/www.caririemacao.com\/1\/?p=77684"},"modified":"2018-12-21T10:07:16","modified_gmt":"2018-12-21T13:07:16","slug":"77684","status":"publish","type":"post","link":"https:\/\/www.caririemacao.com\/1\/2018\/12\/21\/77684\/","title":{"rendered":"Inep divulga dados detalhados do Enem por escola"},"content":{"rendered":"<p>O Instituto Nacional de Estudos e Pesquisas Educacionais An\u00edsio Teixeira (Inep) disponibilizou na internet os dados detalhados do desempenho das escolas no Exame Nacional do Ensino M\u00e9dio (Enem) de 2005 a 2015. Segundo o Inep, esta \u00e9 a primeira vez que s\u00e3o divulgados os microdados do Enem por Escola.<\/p>\n<p>Foram disponibilizadas a m\u00e9dia total e as m\u00e9dias separadas de cada uma das provas objetivas do Enem e da prova de reda\u00e7\u00e3o, al\u00e9m de dados da escola, como o n\u00edvel socioecon\u00f4mico, taxa de rendimento, porte do estabelecimento e adequa\u00e7\u00e3o da forma\u00e7\u00e3o dos professores.<\/p>\n<p>Os microdados est\u00e3o no formato \u201c.csv\u201d e precisam dos programas SAS e SPSS para serem lidos. O Inep disponibilizou um dicion\u00e1rio da base de dados e notas t\u00e9cnicas de cada edi\u00e7\u00e3o do Enem por Escola. O dicion\u00e1rio est\u00e1 disponibilizado em formato \u201c.ods\u201d e as notas em formato \u201c.doc\u201d, para atender \u00e0 pol\u00edtica de dados abertos.<\/p>\n<p>A primeira divulga\u00e7\u00e3o do Enem por Escola foi em 2005, oito anos ap\u00f3s a cria\u00e7\u00e3o do exame. De acordo com o Inep, as m\u00e9dias passaram a ser calculadas para auxiliar professores, diretores e demais gestores educacionais na identifica\u00e7\u00e3o de defici\u00eancias e boas pr\u00e1ticas.<\/p>\n<p>A \u00faltima edi\u00e7\u00e3o do Enem por Escola foi em 2015. Em setembro de 2017, o Inep anunciou o encerramento. A justificativa foi que os dados estavam sendo usados por escolas e pela m\u00eddia para indicar qualidade do ensino, algo que n\u00e3o eram capazes de medir.<\/p>\n<p>&nbsp;<\/p>\n<p>EBC<\/p>\n","protected":false},"excerpt":{"rendered":"<p>O Instituto Nacional de Estudos e Pesquisas Educacionais An\u00edsio Teixeira (Inep) disponibilizou na internet os dados detalhados do desempenho das escolas no Exame Nacional do&hellip; <\/p>\n","protected":false},"author":1,"featured_media":68697,"comment_status":"closed","ping_status":"closed","sticky":false,"template":"","format":"standard","meta":{"sfsi_plus_gutenberg_text_before_share":"","sfsi_plus_gutenberg_show_text_before_share":"","sfsi_plus_gutenberg_icon_type":"","sfsi_plus_gutenberg_icon_alignemt":"","sfsi_plus_gutenburg_max_per_row":"","footnotes":""},"categories":[14],"tags":[],"class_list":["post-77684","post","type-post","status-publish","format-standard","has-post-thumbnail","hentry","category-educacao"],"_links":{"self":[{"href":"https:\/\/www.caririemacao.com\/1\/wp-json\/wp\/v2\/posts\/77684","targetHints":{"allow":["GET"]}}],"collection":[{"href":"https:\/\/www.caririemacao.com\/1\/wp-json\/wp\/v2\/posts"}],"about":[{"href":"https:\/\/www.caririemacao.com\/1\/wp-json\/wp\/v2\/types\/post"}],"author":[{"embeddable":true,"href":"https:\/\/www.caririemacao.com\/1\/wp-json\/wp\/v2\/users\/1"}],"replies":[{"embeddable":true,"href":"https:\/\/www.caririemacao.com\/1\/wp-json\/wp\/v2\/comments?post=77684"}],"version-history":[{"count":2,"href":"https:\/\/www.caririemacao.com\/1\/wp-json\/wp\/v2\/posts\/77684\/revisions"}],"predecessor-version":[{"id":77686,"href":"https:\/\/www.caririemacao.com\/1\/wp-json\/wp\/v2\/posts\/77684\/revisions\/77686"}],"wp:featuredmedia":[{"embeddable":true,"href":"https:\/\/www.caririemacao.com\/1\/wp-json\/wp\/v2\/media\/68697"}],"wp:attachment":[{"href":"https:\/\/www.caririemacao.com\/1\/wp-json\/wp\/v2\/media?parent=77684"}],"wp:term":[{"taxonomy":"category","embeddable":true,"href":"https:\/\/www.caririemacao.com\/1\/wp-json\/wp\/v2\/categories?post=77684"},{"taxonomy":"post_tag","embeddable":true,"href":"https:\/\/www.caririemacao.com\/1\/wp-json\/wp\/v2\/tags?post=77684"}],"curies":[{"name":"wp","href":"https:\/\/api.w.org\/{rel}","templated":true}]}}