{"id":77715,"date":"2018-12-21T11:02:20","date_gmt":"2018-12-21T14:02:20","guid":{"rendered":"http:\/\/www.caririemacao.com\/1\/?p=77715"},"modified":"2018-12-21T11:03:20","modified_gmt":"2018-12-21T14:03:20","slug":"professoras-da-escola-cidada-integral-tecnica-de-serra-branca-ganham-premio-mestres-da-educacao","status":"publish","type":"post","link":"https:\/\/www.caririemacao.com\/1\/2018\/12\/21\/professoras-da-escola-cidada-integral-tecnica-de-serra-branca-ganham-premio-mestres-da-educacao\/","title":{"rendered":"Professoras da Escola Cidad\u00e3 Integral T\u00e9cnica de Serra Branca ganham Pr\u00eamio Mestres da Educa\u00e7\u00e3o"},"content":{"rendered":"<p>Duas professoras da Escola Cidad\u00e3 Integral T\u00e9cnica de Serra Branca \u201cIn\u00e1cio Antonino\u201d receberam a grata not\u00edcia de que elas eram ganhadoras do Pr\u00eamio Mestres da Educa\u00e7\u00e3o 2018.<\/p>\n<p>Trata-se das professoras Ana Rita e Br\u00edgida Xavier que tiveram seus projetos reconhecidos pelo Governo da Para\u00edba, por meio da Secretaria de Estado da Educa\u00e7\u00e3o, que divulgou os resultados nesta quinta-feira (20).<\/p>\n<p>Foram premiados os projetos \u201cBioma Caatinga: Ser e Renascer!\u201d da professora sumeense, Br\u00edgida Xavier, e o projeto \u201cDrogas, t\u00f4 ligado, t\u00f4 de boa!\u201d, da professora serrabranquense Ana Rita.<\/p>\n","protected":false},"excerpt":{"rendered":"<p>Duas professoras da Escola Cidad\u00e3 Integral T\u00e9cnica de Serra Branca \u201cIn\u00e1cio Antonino\u201d receberam a grata not\u00edcia de que elas eram ganhadoras do Pr\u00eamio Mestres da&hellip; <\/p>\n","protected":false},"author":2,"featured_media":77716,"comment_status":"closed","ping_status":"closed","sticky":false,"template":"","format":"standard","meta":{"sfsi_plus_gutenberg_text_before_share":"","sfsi_plus_gutenberg_show_text_before_share":"","sfsi_plus_gutenberg_icon_type":"","sfsi_plus_gutenberg_icon_alignemt":"","sfsi_plus_gutenburg_max_per_row":"","footnotes":""},"categories":[6,50],"tags":[],"class_list":["post-77715","post","type-post","status-publish","format-standard","has-post-thumbnail","hentry","category-cidades","category-destaque"],"_links":{"self":[{"href":"https:\/\/www.caririemacao.com\/1\/wp-json\/wp\/v2\/posts\/77715","targetHints":{"allow":["GET"]}}],"collection":[{"href":"https:\/\/www.caririemacao.com\/1\/wp-json\/wp\/v2\/posts"}],"about":[{"href":"https:\/\/www.caririemacao.com\/1\/wp-json\/wp\/v2\/types\/post"}],"author":[{"embeddable":true,"href":"https:\/\/www.caririemacao.com\/1\/wp-json\/wp\/v2\/users\/2"}],"replies":[{"embeddable":true,"href":"https:\/\/www.caririemacao.com\/1\/wp-json\/wp\/v2\/comments?post=77715"}],"version-history":[{"count":1,"href":"https:\/\/www.caririemacao.com\/1\/wp-json\/wp\/v2\/posts\/77715\/revisions"}],"predecessor-version":[{"id":77717,"href":"https:\/\/www.caririemacao.com\/1\/wp-json\/wp\/v2\/posts\/77715\/revisions\/77717"}],"wp:featuredmedia":[{"embeddable":true,"href":"https:\/\/www.caririemacao.com\/1\/wp-json\/wp\/v2\/media\/77716"}],"wp:attachment":[{"href":"https:\/\/www.caririemacao.com\/1\/wp-json\/wp\/v2\/media?parent=77715"}],"wp:term":[{"taxonomy":"category","embeddable":true,"href":"https:\/\/www.caririemacao.com\/1\/wp-json\/wp\/v2\/categories?post=77715"},{"taxonomy":"post_tag","embeddable":true,"href":"https:\/\/www.caririemacao.com\/1\/wp-json\/wp\/v2\/tags?post=77715"}],"curies":[{"name":"wp","href":"https:\/\/api.w.org\/{rel}","templated":true}]}}