{"id":77718,"date":"2018-12-21T12:27:43","date_gmt":"2018-12-21T15:27:43","guid":{"rendered":"http:\/\/www.caririemacao.com\/1\/?p=77718"},"modified":"2018-12-21T12:27:43","modified_gmt":"2018-12-21T15:27:43","slug":"verao-comeca-nesta-sexta-feira-nordeste-deve-ter-chuvas-dentro-da-media","status":"publish","type":"post","link":"https:\/\/www.caririemacao.com\/1\/2018\/12\/21\/verao-comeca-nesta-sexta-feira-nordeste-deve-ter-chuvas-dentro-da-media\/","title":{"rendered":"Ver\u00e3o come\u00e7a nesta sexta-feira; Nordeste deve ter chuvas dentro da m\u00e9dia"},"content":{"rendered":"<p>O ver\u00e3o no Hemisf\u00e9rio Sul come\u00e7a oficialmente \u00e0s 20h22 de hoje (21) e vai at\u00e9 20 de mar\u00e7o de 2019. O per\u00edodo, de acordo com o Instituto Nacional de Meteorologia (Inmet), se caracteriza pela eleva\u00e7\u00e3o da temperatura e dias mais longos que as noites, al\u00e9m de mudan\u00e7as r\u00e1pidas nas condi\u00e7\u00f5es de tempo, como chuva forte, queda de granizo, vento com intensidade variando de moderada a forte e descargas el\u00e9tricas.<\/p>\n<p>Nessa esta\u00e7\u00e3o, segundo o Inmet, a chuva \u00e9 frequente em praticamente todo o pa\u00eds, com exce\u00e7\u00e3o do extremo sul do Rio Grande do Sul, nordeste de Roraima e leste do Nordeste. Os maiores volumes de precipita\u00e7\u00e3o s\u00e3o esperados para o sudeste do Amazonas e o norte de Mato Grosso, entre os meses de dezembro e fevereiro.\u201cDevido \u00e0s suas caracter\u00edsticas clim\u00e1ticas, o ver\u00e3o \u00e9 especialmente importante para atividades econ\u00f4micas como a agropecu\u00e1ria, a gera\u00e7\u00e3o de energia, por meio das hidrel\u00e9tricas, e para a reposi\u00e7\u00e3o h\u00eddrica e manuten\u00e7\u00e3o dos reservat\u00f3rios de abastecimento de \u00e1gua em n\u00edveis satisfat\u00f3rios\u201d, informou o instituto.<\/p>\n<p><strong>Norte<\/strong><\/p>\n<p>Para o ver\u00e3o, os modelos clim\u00e1ticos indicam que a Regi\u00e3o Norte deve apresentar forte variabilidade espacial na distribui\u00e7\u00e3o de chuva. Ela deve ficar acima da m\u00e9dia no Tocantins, grande parte do Amap\u00e1 e de Roraima, al\u00e9m do oeste e sul do Par\u00e1 e sul do Acre e Rond\u00f4nia. No Amazonas, a chuva fica ligeiramente abaixo do normal, com exce\u00e7\u00e3o apenas do leste do estado.<\/p>\n<p>\u201c\u00c9 importante destacar que, com o fen\u00f4meno El Ni\u00f1o confirmado no ver\u00e3o, sua atua\u00e7\u00e3o ficar\u00e1 mais concentrada na parte norte, com tend\u00eancia de redu\u00e7\u00e3o da chuva e eleva\u00e7\u00e3o da temperatura em rela\u00e7\u00e3o \u00e0 m\u00e9dia\u201d, destacou o Inmet.<\/p>\n<p><strong>Nordeste<\/strong><\/p>\n<p>A previs\u00e3o do modelo estat\u00edstico do Inmet para o ver\u00e3o na Regi\u00e3o Nordeste indica predom\u00ednio de \u00e1reas com maior probabilidade de chuva acima da m\u00e9dia na Bahia, do litoral de Alagoas at\u00e9 o Rio Grande do Norte e no sul do Piau\u00ed e do Maranh\u00e3o. Nas demais \u00e1reas, a chuva deve ficar pr\u00f3xima \u00e0 m\u00e9dia ou ligeiramente abaixo durante a esta\u00e7\u00e3o. A temperatura estar\u00e1 mais elevada no Maranh\u00e3o, centro e sul do Piau\u00ed, sul do Cear\u00e1 e no oeste de Pernambuco.<\/p>\n<p><strong>Centro-Oeste<\/strong><\/p>\n<p>A previs\u00e3o para o ver\u00e3o no Centro-Oeste indica alta probabilidade de a chuva ocorrer de normal a ligeiramente acima do normal em grande parte da regi\u00e3o, exceto no sul de Mato Grosso do Sul, onde ela ser\u00e1 mais pr\u00f3xima \u00e0 m\u00e9dia, ou ligeiramente abaixo. A temperatura prevista deve ficar acima da m\u00e9dia, especialmente em Mato Grosso do Sul, no norte de Mato Grosso e sul de Goi\u00e1s.<\/p>\n<p><strong>Sudeste<\/strong><\/p>\n<p>A previs\u00e3o nos pr\u00f3ximos tr\u00eas meses para a Regi\u00e3o Sudeste \u00e9 de chuva variando de normal a ligeiramente acima do normal em grande parte de Minas Gerais, no centro-norte do Esp\u00edrito Santo e no centro de S\u00e3o Paulo. No Rio de Janeiro, a chuva deve ficar ligeiramente abaixo do normal.<\/p>\n<p>\u201cPor\u00e9m, vale destacar que a ocorr\u00eancia de tempestade (chuva e ventos fortes que podem ser acompanhadas de granizo) \u00e9 normal durante o ver\u00e3o na Regi\u00e3o Sudeste e n\u00e3o est\u00e1 descartada\u201d, alertou o instituto.<\/p>\n<p><strong>Sul<\/strong><\/p>\n<p>Com a configura\u00e7\u00e3o do fen\u00f4meno El Ni\u00f1o durante o ver\u00e3o, o modelo estat\u00edstico do Inmet prev\u00ea chuva ligeiramente acima do normal no sul, centro e oeste do Rio Grande do Sul, leste de Santa Catarina e norte do Paran\u00e1. Nas demais \u00e1reas, a chuva deve variar dentro da faixa normal ou ligeiramente abaixo. A temperatura fica um pouco acima da m\u00e9dia em praticamente toda a regi\u00e3o; a exce\u00e7\u00e3o \u00e9 apenas o sul do Rio Grande do Sul, onde\u00a0 pode ficar dentro da normalidade.<\/p>\n","protected":false},"excerpt":{"rendered":"<p>O ver\u00e3o no Hemisf\u00e9rio Sul come\u00e7a oficialmente \u00e0s 20h22 de hoje (21) e vai at\u00e9 20 de mar\u00e7o de 2019. O per\u00edodo, de acordo com&hellip; <\/p>\n","protected":false},"author":1,"featured_media":77719,"comment_status":"closed","ping_status":"closed","sticky":false,"template":"","format":"standard","meta":{"sfsi_plus_gutenberg_text_before_share":"","sfsi_plus_gutenberg_show_text_before_share":"","sfsi_plus_gutenberg_icon_type":"","sfsi_plus_gutenberg_icon_alignemt":"","sfsi_plus_gutenburg_max_per_row":"","footnotes":""},"categories":[2],"tags":[],"class_list":["post-77718","post","type-post","status-publish","format-standard","has-post-thumbnail","hentry","category-geral"],"_links":{"self":[{"href":"https:\/\/www.caririemacao.com\/1\/wp-json\/wp\/v2\/posts\/77718","targetHints":{"allow":["GET"]}}],"collection":[{"href":"https:\/\/www.caririemacao.com\/1\/wp-json\/wp\/v2\/posts"}],"about":[{"href":"https:\/\/www.caririemacao.com\/1\/wp-json\/wp\/v2\/types\/post"}],"author":[{"embeddable":true,"href":"https:\/\/www.caririemacao.com\/1\/wp-json\/wp\/v2\/users\/1"}],"replies":[{"embeddable":true,"href":"https:\/\/www.caririemacao.com\/1\/wp-json\/wp\/v2\/comments?post=77718"}],"version-history":[{"count":1,"href":"https:\/\/www.caririemacao.com\/1\/wp-json\/wp\/v2\/posts\/77718\/revisions"}],"predecessor-version":[{"id":77720,"href":"https:\/\/www.caririemacao.com\/1\/wp-json\/wp\/v2\/posts\/77718\/revisions\/77720"}],"wp:featuredmedia":[{"embeddable":true,"href":"https:\/\/www.caririemacao.com\/1\/wp-json\/wp\/v2\/media\/77719"}],"wp:attachment":[{"href":"https:\/\/www.caririemacao.com\/1\/wp-json\/wp\/v2\/media?parent=77718"}],"wp:term":[{"taxonomy":"category","embeddable":true,"href":"https:\/\/www.caririemacao.com\/1\/wp-json\/wp\/v2\/categories?post=77718"},{"taxonomy":"post_tag","embeddable":true,"href":"https:\/\/www.caririemacao.com\/1\/wp-json\/wp\/v2\/tags?post=77718"}],"curies":[{"name":"wp","href":"https:\/\/api.w.org\/{rel}","templated":true}]}}