{"id":77721,"date":"2018-12-21T12:32:09","date_gmt":"2018-12-21T15:32:09","guid":{"rendered":"http:\/\/www.caririemacao.com\/1\/?p=77721"},"modified":"2018-12-21T12:32:09","modified_gmt":"2018-12-21T15:32:09","slug":"prefeitura-de-sume-altera-expediente-no-final-de-ano","status":"publish","type":"post","link":"https:\/\/www.caririemacao.com\/1\/2018\/12\/21\/prefeitura-de-sume-altera-expediente-no-final-de-ano\/","title":{"rendered":"Prefeitura de Sum\u00e9 altera expediente no final de ano"},"content":{"rendered":"<p>A Prefeitura de Sum\u00e9 decretou na quarta-feira (19), o fechamento de suas reparti\u00e7\u00f5es os dias 24 e 31 de dezembro, em virtude das festas de final de ano.<\/p>\n<p>No mesmo decreto, o governo municipal altera o expediente de algumas secretarias e \u00f3rg\u00e3os, al\u00e9m destas datas.<\/p>\n<p>Confira como ficar\u00e1 o atendimento:<\/p>\n<p>Dias 26, 27 e 28 de dezembro 2018 \u2013 Fechamento das Unidades B\u00e1sicas de Sa\u00fade do Alto Alegre e do Frei Dami\u00e3o<\/p>\n<p>Dias 02, 03 e 04 de janeiro de 2019 \u2013 Fechamento das Unidades B\u00e1sicas de Sa\u00fade de V\u00e1rzea Redonda, do Conjunto Habitacional, do Distrito de Pio X e do Programa Bolsa Fam\u00edlia;<\/p>\n<p>De 24 de dezembro a 02 de janeiro de 2019 \u2013 Fechamento das sedes das Secretarias de Sa\u00fade e da Secretaria de Educa\u00e7\u00e3o, bem como do Cras e do Creas;<\/p>\n<p>De 24 de dezembro a 07 de janeiro de 2019 \u2013 Fechamento da Sede da Secretaria de Assist\u00eancia Social.<\/p>\n<p>Os servi\u00e7os essenciais (coleta de lixo, atendimento hospitalar, Conselho Tutelar e Cong\u00eaneres) devem ser preservados nos dias 24 e 31 de dezembro. O servi\u00e7o do Programa Bolsa Fam\u00edlia funciona normalmente no dia 31 de dezembro.<\/p>\n<p>&nbsp;<\/p>\n<p>Ascom\/Sum\u00e9<\/p>\n","protected":false},"excerpt":{"rendered":"<p>A Prefeitura de Sum\u00e9 decretou na quarta-feira (19), o fechamento de suas reparti\u00e7\u00f5es os dias 24 e 31 de dezembro, em virtude das festas de&hellip; <\/p>\n","protected":false},"author":1,"featured_media":52105,"comment_status":"closed","ping_status":"closed","sticky":false,"template":"","format":"standard","meta":{"sfsi_plus_gutenberg_text_before_share":"","sfsi_plus_gutenberg_show_text_before_share":"","sfsi_plus_gutenberg_icon_type":"","sfsi_plus_gutenberg_icon_alignemt":"","sfsi_plus_gutenburg_max_per_row":"","footnotes":""},"categories":[6],"tags":[],"class_list":["post-77721","post","type-post","status-publish","format-standard","has-post-thumbnail","hentry","category-cidades"],"_links":{"self":[{"href":"https:\/\/www.caririemacao.com\/1\/wp-json\/wp\/v2\/posts\/77721","targetHints":{"allow":["GET"]}}],"collection":[{"href":"https:\/\/www.caririemacao.com\/1\/wp-json\/wp\/v2\/posts"}],"about":[{"href":"https:\/\/www.caririemacao.com\/1\/wp-json\/wp\/v2\/types\/post"}],"author":[{"embeddable":true,"href":"https:\/\/www.caririemacao.com\/1\/wp-json\/wp\/v2\/users\/1"}],"replies":[{"embeddable":true,"href":"https:\/\/www.caririemacao.com\/1\/wp-json\/wp\/v2\/comments?post=77721"}],"version-history":[{"count":1,"href":"https:\/\/www.caririemacao.com\/1\/wp-json\/wp\/v2\/posts\/77721\/revisions"}],"predecessor-version":[{"id":77722,"href":"https:\/\/www.caririemacao.com\/1\/wp-json\/wp\/v2\/posts\/77721\/revisions\/77722"}],"wp:featuredmedia":[{"embeddable":true,"href":"https:\/\/www.caririemacao.com\/1\/wp-json\/wp\/v2\/media\/52105"}],"wp:attachment":[{"href":"https:\/\/www.caririemacao.com\/1\/wp-json\/wp\/v2\/media?parent=77721"}],"wp:term":[{"taxonomy":"category","embeddable":true,"href":"https:\/\/www.caririemacao.com\/1\/wp-json\/wp\/v2\/categories?post=77721"},{"taxonomy":"post_tag","embeddable":true,"href":"https:\/\/www.caririemacao.com\/1\/wp-json\/wp\/v2\/tags?post=77721"}],"curies":[{"name":"wp","href":"https:\/\/api.w.org\/{rel}","templated":true}]}}