{"id":77723,"date":"2018-12-21T12:34:47","date_gmt":"2018-12-21T15:34:47","guid":{"rendered":"http:\/\/www.caririemacao.com\/1\/?p=77723"},"modified":"2018-12-21T12:34:47","modified_gmt":"2018-12-21T15:34:47","slug":"servicos-de-convivencia-de-criancas-e-adolescentes-de-camalau-tem-dia-de-lazer","status":"publish","type":"post","link":"https:\/\/www.caririemacao.com\/1\/2018\/12\/21\/servicos-de-convivencia-de-criancas-e-adolescentes-de-camalau-tem-dia-de-lazer\/","title":{"rendered":"Servi\u00e7os de conviv\u00eancia de crian\u00e7as e adolescentes de Camala\u00fa tem dia de lazer"},"content":{"rendered":"<p>Os Servi\u00e7os de Conviv\u00eancia e Fortalecimento de V\u00ednculos \u2013 SFCV, voltados para crian\u00e7as e adolescentes, tiveram neste dia 20 de dezembro um dia de muito lazer e divers\u00e3o.<\/p>\n<p>A Secretaria de Trabalho e A\u00e7\u00e3o Social, promoveu no balne\u00e1rio Cant\u00e1guas na cidade de Ouro Velho uma confraterniza\u00e7\u00e3o dos respectivos servi\u00e7os. finalizando assim um ano de muitas atividades.<\/p>\n<p>As crian\u00e7as e adolescentes se divertiram bastante, e foram acompanhadas pela secret\u00e1ria Jussara Mariano e toda a equipe da Secretaria.<\/p>\n<p><strong>DCS<\/strong><\/p>\n","protected":false},"excerpt":{"rendered":"<p>Os Servi\u00e7os de Conviv\u00eancia e Fortalecimento de V\u00ednculos \u2013 SFCV, voltados para crian\u00e7as e adolescentes, tiveram neste dia 20 de dezembro um dia de muito&hellip; <\/p>\n","protected":false},"author":1,"featured_media":77724,"comment_status":"closed","ping_status":"closed","sticky":false,"template":"","format":"standard","meta":{"sfsi_plus_gutenberg_text_before_share":"","sfsi_plus_gutenberg_show_text_before_share":"","sfsi_plus_gutenberg_icon_type":"","sfsi_plus_gutenberg_icon_alignemt":"","sfsi_plus_gutenburg_max_per_row":"","footnotes":""},"categories":[2],"tags":[],"class_list":["post-77723","post","type-post","status-publish","format-standard","has-post-thumbnail","hentry","category-geral"],"_links":{"self":[{"href":"https:\/\/www.caririemacao.com\/1\/wp-json\/wp\/v2\/posts\/77723","targetHints":{"allow":["GET"]}}],"collection":[{"href":"https:\/\/www.caririemacao.com\/1\/wp-json\/wp\/v2\/posts"}],"about":[{"href":"https:\/\/www.caririemacao.com\/1\/wp-json\/wp\/v2\/types\/post"}],"author":[{"embeddable":true,"href":"https:\/\/www.caririemacao.com\/1\/wp-json\/wp\/v2\/users\/1"}],"replies":[{"embeddable":true,"href":"https:\/\/www.caririemacao.com\/1\/wp-json\/wp\/v2\/comments?post=77723"}],"version-history":[{"count":1,"href":"https:\/\/www.caririemacao.com\/1\/wp-json\/wp\/v2\/posts\/77723\/revisions"}],"predecessor-version":[{"id":77725,"href":"https:\/\/www.caririemacao.com\/1\/wp-json\/wp\/v2\/posts\/77723\/revisions\/77725"}],"wp:featuredmedia":[{"embeddable":true,"href":"https:\/\/www.caririemacao.com\/1\/wp-json\/wp\/v2\/media\/77724"}],"wp:attachment":[{"href":"https:\/\/www.caririemacao.com\/1\/wp-json\/wp\/v2\/media?parent=77723"}],"wp:term":[{"taxonomy":"category","embeddable":true,"href":"https:\/\/www.caririemacao.com\/1\/wp-json\/wp\/v2\/categories?post=77723"},{"taxonomy":"post_tag","embeddable":true,"href":"https:\/\/www.caririemacao.com\/1\/wp-json\/wp\/v2\/tags?post=77723"}],"curies":[{"name":"wp","href":"https:\/\/api.w.org\/{rel}","templated":true}]}}