{"id":77726,"date":"2018-12-21T12:40:11","date_gmt":"2018-12-21T15:40:11","guid":{"rendered":"http:\/\/www.caririemacao.com\/1\/?p=77726"},"modified":"2018-12-21T12:40:11","modified_gmt":"2018-12-21T15:40:11","slug":"prefeitura-de-ouro-velho-emite-mensagem-de-natal-e-fim-de-ano","status":"publish","type":"post","link":"https:\/\/www.caririemacao.com\/1\/2018\/12\/21\/prefeitura-de-ouro-velho-emite-mensagem-de-natal-e-fim-de-ano\/","title":{"rendered":"Prefeitura de Ouro Velho emite mensagem de natal e fim de ano"},"content":{"rendered":"<p>A Prefeitura de Ouro Velho, atrav\u00e9s da prefeita Nat\u00e1lia Lira, do m\u00e9dico Dr. J\u00fanior e do vice-prefeito Fl\u00e1vio Henrique, emitiram nesta sexta-feira (21), uma mensagem de fim de ano para toda popula\u00e7\u00e3o do munic\u00edpio.<\/p>\n<p><strong>Confira a mensagem:<\/strong><\/p>\n<p><em>Ao t\u00e9rmino de mais um ano, queremos de todo cora\u00e7\u00e3o agradecer a Deus pela oportunidade de dirigir os destinos de nossa amada Ouro Velho, agradecendo tamb\u00e9m a toda equipe, aos parceiros e a toda popula\u00e7\u00e3o, pelo apoio e pela confian\u00e7a.<\/em><\/p>\n<p><em>Aproveitamos a oportunidade para reafirmar nosso compromisso de continuar lutando e trabalhando pelo crescimento e desenvolvimento de nossa terra.<\/em><\/p>\n<p><em>Rogo a Deus sabedoria, desejando que Ele cubra de b\u00ean\u00e7\u00e3os cada um daqueles que vivem na nossa querida Ouro Velho. Feliz Natal e um Ano Novo de muitas alegrias.<\/em><\/p>\n<p><em>Votos da prefeita Nat\u00e1lia Lira, do m\u00e9dico Dr. J\u00fanior, do vice-prefeito Fl\u00e1vio Henrique e de todos que fazem a prefeitura de Ouro Velho<\/em><\/p>\n<p>&nbsp;<\/p>\n<div class=\"post_detail post_date\"><\/div>\n","protected":false},"excerpt":{"rendered":"<p>A Prefeitura de Ouro Velho, atrav\u00e9s da prefeita Nat\u00e1lia Lira, do m\u00e9dico Dr. J\u00fanior e do vice-prefeito Fl\u00e1vio Henrique, emitiram nesta sexta-feira (21), uma mensagem&hellip; <\/p>\n","protected":false},"author":1,"featured_media":43402,"comment_status":"closed","ping_status":"closed","sticky":false,"template":"","format":"standard","meta":{"sfsi_plus_gutenberg_text_before_share":"","sfsi_plus_gutenberg_show_text_before_share":"","sfsi_plus_gutenberg_icon_type":"","sfsi_plus_gutenberg_icon_alignemt":"","sfsi_plus_gutenburg_max_per_row":"","footnotes":""},"categories":[11],"tags":[],"class_list":["post-77726","post","type-post","status-publish","format-standard","has-post-thumbnail","hentry","category-politica"],"_links":{"self":[{"href":"https:\/\/www.caririemacao.com\/1\/wp-json\/wp\/v2\/posts\/77726","targetHints":{"allow":["GET"]}}],"collection":[{"href":"https:\/\/www.caririemacao.com\/1\/wp-json\/wp\/v2\/posts"}],"about":[{"href":"https:\/\/www.caririemacao.com\/1\/wp-json\/wp\/v2\/types\/post"}],"author":[{"embeddable":true,"href":"https:\/\/www.caririemacao.com\/1\/wp-json\/wp\/v2\/users\/1"}],"replies":[{"embeddable":true,"href":"https:\/\/www.caririemacao.com\/1\/wp-json\/wp\/v2\/comments?post=77726"}],"version-history":[{"count":1,"href":"https:\/\/www.caririemacao.com\/1\/wp-json\/wp\/v2\/posts\/77726\/revisions"}],"predecessor-version":[{"id":77730,"href":"https:\/\/www.caririemacao.com\/1\/wp-json\/wp\/v2\/posts\/77726\/revisions\/77730"}],"wp:featuredmedia":[{"embeddable":true,"href":"https:\/\/www.caririemacao.com\/1\/wp-json\/wp\/v2\/media\/43402"}],"wp:attachment":[{"href":"https:\/\/www.caririemacao.com\/1\/wp-json\/wp\/v2\/media?parent=77726"}],"wp:term":[{"taxonomy":"category","embeddable":true,"href":"https:\/\/www.caririemacao.com\/1\/wp-json\/wp\/v2\/categories?post=77726"},{"taxonomy":"post_tag","embeddable":true,"href":"https:\/\/www.caririemacao.com\/1\/wp-json\/wp\/v2\/tags?post=77726"}],"curies":[{"name":"wp","href":"https:\/\/api.w.org\/{rel}","templated":true}]}}