{"id":77750,"date":"2018-12-21T13:51:45","date_gmt":"2018-12-21T16:51:45","guid":{"rendered":"http:\/\/www.caririemacao.com\/1\/?p=77750"},"modified":"2018-12-21T14:09:12","modified_gmt":"2018-12-21T17:09:12","slug":"camara-de-sao-joao-do-tigre-entrega-titulos-de-cidadania","status":"publish","type":"post","link":"https:\/\/www.caririemacao.com\/1\/2018\/12\/21\/camara-de-sao-joao-do-tigre-entrega-titulos-de-cidadania\/","title":{"rendered":"C\u00e2mara de S\u00e3o Jo\u00e3o do Tigre entrega T\u00edtulos de Cidadania"},"content":{"rendered":"<p>Sob a presid\u00eancia do vereador Arn\u00f3bio Pereira, a C\u00e2mara de S\u00e3o Jo\u00e3o do Tigre realizou a \u00faltima sess\u00e3o de 2018, entregando T\u00edtulos de Cidadania Tigrense.<\/p>\n<p>No total, foram homenageados com a comenda outorgada pelo legislativo tigrense, o diretor do Complexo Educacional do Cariri, C\u00edcero Roberto Mendon\u00e7a, concedido pelos vereadores Salom\u00e3o e Lucinha. O segundo T\u00edtulo a ser entregue foi a Karine Freitas Rodrigues da Silva, concedido pelo vereador Salom\u00e3o, e por \u00faltimo, ao mais novo cidad\u00e3o, Cl\u00f3vis da Silva Rodrigues, resultado da propositura tamb\u00e9m apresentada pelo vereador Salom\u00e3o.<\/p>\n<p><img fetchpriority=\"high\" decoding=\"async\" class=\"wp-image-77752 size-large aligncenter\" src=\"http:\/\/www.caririemacao.com\/1\/wp-content\/uploads\/2018\/12\/WhatsApp-Image-2018-12-21-at-11.57.01-1024x682.jpeg\" alt=\"\" width=\"800\" height=\"533\" srcset=\"https:\/\/www.caririemacao.com\/1\/wp-content\/uploads\/2018\/12\/WhatsApp-Image-2018-12-21-at-11.57.01-1024x682.jpeg 1024w, https:\/\/www.caririemacao.com\/1\/wp-content\/uploads\/2018\/12\/WhatsApp-Image-2018-12-21-at-11.57.01-300x200.jpeg 300w, https:\/\/www.caririemacao.com\/1\/wp-content\/uploads\/2018\/12\/WhatsApp-Image-2018-12-21-at-11.57.01-768x512.jpeg 768w, https:\/\/www.caririemacao.com\/1\/wp-content\/uploads\/2018\/12\/WhatsApp-Image-2018-12-21-at-11.57.01.jpeg 1280w\" sizes=\"(max-width: 800px) 100vw, 800px\" \/><\/p>\n<p>Ainda na sess\u00e3o, os vereadores Arn\u00f3bio Pereira, Ygor Queiroz e Arnaldo Xavier receberam o Pr\u00eamio Refer\u00eancia como os 03 vereadores mais atuantes, resultado de pesquisa realizada pelo Cariri em A\u00e7\u00e3o na cidade de S\u00e3o Jo\u00e3o do Tigre.<\/p>\n<p>Al\u00e9m dos vereadores e homenageados, tamb\u00e9m participaram da sess\u00e3o, o prefeito C\u00e9lio Barbosa e os secret\u00e1rio M\u00e1rcio Leite, Tadeu e Gilberto.<\/p>\n<p>O presidente Arn\u00f3bio Pereira agradeceu a presen\u00e7a de todos e aproveitou para desejar um Feliz Natal a todos.<\/p>\n<p>J\u00e1 o prefeito C\u00e9lio Barbosa agracedeu o convite do presidente Arn\u00f3bio, e deixou sua mensagem aos novos cidad\u00e3os tigrenses, dizendo que \u00e9 uma honra em receb\u00ea-los com cidad\u00e3os. Ele tamb\u00e9m desejou um Feliz Natal e um ano novo cheio de realiza\u00e7\u00f5es.<\/p>\n","protected":false},"excerpt":{"rendered":"<p>Sob a presid\u00eancia do vereador Arn\u00f3bio Pereira, a C\u00e2mara de S\u00e3o Jo\u00e3o do Tigre realizou a \u00faltima sess\u00e3o de 2018, entregando T\u00edtulos de Cidadania Tigrense.&hellip; <\/p>\n","protected":false},"author":2,"featured_media":77751,"comment_status":"closed","ping_status":"closed","sticky":false,"template":"","format":"standard","meta":{"sfsi_plus_gutenberg_text_before_share":"","sfsi_plus_gutenberg_show_text_before_share":"","sfsi_plus_gutenberg_icon_type":"","sfsi_plus_gutenberg_icon_alignemt":"","sfsi_plus_gutenburg_max_per_row":"","footnotes":""},"categories":[2],"tags":[],"class_list":["post-77750","post","type-post","status-publish","format-standard","has-post-thumbnail","hentry","category-geral"],"_links":{"self":[{"href":"https:\/\/www.caririemacao.com\/1\/wp-json\/wp\/v2\/posts\/77750","targetHints":{"allow":["GET"]}}],"collection":[{"href":"https:\/\/www.caririemacao.com\/1\/wp-json\/wp\/v2\/posts"}],"about":[{"href":"https:\/\/www.caririemacao.com\/1\/wp-json\/wp\/v2\/types\/post"}],"author":[{"embeddable":true,"href":"https:\/\/www.caririemacao.com\/1\/wp-json\/wp\/v2\/users\/2"}],"replies":[{"embeddable":true,"href":"https:\/\/www.caririemacao.com\/1\/wp-json\/wp\/v2\/comments?post=77750"}],"version-history":[{"count":1,"href":"https:\/\/www.caririemacao.com\/1\/wp-json\/wp\/v2\/posts\/77750\/revisions"}],"predecessor-version":[{"id":77753,"href":"https:\/\/www.caririemacao.com\/1\/wp-json\/wp\/v2\/posts\/77750\/revisions\/77753"}],"wp:featuredmedia":[{"embeddable":true,"href":"https:\/\/www.caririemacao.com\/1\/wp-json\/wp\/v2\/media\/77751"}],"wp:attachment":[{"href":"https:\/\/www.caririemacao.com\/1\/wp-json\/wp\/v2\/media?parent=77750"}],"wp:term":[{"taxonomy":"category","embeddable":true,"href":"https:\/\/www.caririemacao.com\/1\/wp-json\/wp\/v2\/categories?post=77750"},{"taxonomy":"post_tag","embeddable":true,"href":"https:\/\/www.caririemacao.com\/1\/wp-json\/wp\/v2\/tags?post=77750"}],"curies":[{"name":"wp","href":"https:\/\/api.w.org\/{rel}","templated":true}]}}