{"id":77761,"date":"2018-12-21T22:29:30","date_gmt":"2018-12-22T01:29:30","guid":{"rendered":"http:\/\/www.caririemacao.com\/1\/?p=77761"},"modified":"2018-12-21T22:29:30","modified_gmt":"2018-12-22T01:29:30","slug":"natal-solidario-sera-realizado-neste-sabado-em-sume","status":"publish","type":"post","link":"https:\/\/www.caririemacao.com\/1\/2018\/12\/21\/natal-solidario-sera-realizado-neste-sabado-em-sume\/","title":{"rendered":"Natal Solid\u00e1rio ser\u00e1 realizado neste s\u00e1bado em Sum\u00e9"},"content":{"rendered":"<p>Mais uma vez, ser\u00e1 realizado o Natal Solid\u00e1rio promovido por Marenildo Alc\u00e2ntara e sua esposa J\u00e9ssica com o objetivo de fazer o Natal mais alegre, levando muita alegria as crian\u00e7as e pais.<\/p>\n<p>O evento acontece neste s\u00e1bado, dia 22, a partir das 16h, na Pra\u00e7a Noberto Preto, Alto Alegre, e contar\u00e1 com apresenta\u00e7\u00e3o do grupo de capoeira, muitos brinquedos para crian\u00e7a, pula pula, algod\u00e3o doce, sorteio de cestas b\u00e1sicas, panetones. Ainda haver\u00e1 a apresenta\u00e7\u00e3o teatral do nascimento de Jesus.<\/p>\n<p>Segundo a organiza\u00e7\u00e3o, tamb\u00e9m haver\u00e1 o Programa Sa\u00fade Top com medida de peso e press\u00e3o. A organiza\u00e7\u00e3o ainda avisa que o Papai Noel tamb\u00e9m vai est\u00e1 participando do evento.<\/p>\n<p>Para fazer sua doa\u00e7\u00e3o para o evento \u00e9 s\u00f3 ligar (83) 99992.1306.<\/p>\n","protected":false},"excerpt":{"rendered":"<p>Mais uma vez, ser\u00e1 realizado o Natal Solid\u00e1rio promovido por Marenildo Alc\u00e2ntara e sua esposa J\u00e9ssica com o objetivo de fazer o Natal mais alegre,&hellip; <\/p>\n","protected":false},"author":2,"featured_media":77762,"comment_status":"closed","ping_status":"closed","sticky":false,"template":"","format":"standard","meta":{"sfsi_plus_gutenberg_text_before_share":"","sfsi_plus_gutenberg_show_text_before_share":"","sfsi_plus_gutenberg_icon_type":"","sfsi_plus_gutenberg_icon_alignemt":"","sfsi_plus_gutenburg_max_per_row":"","footnotes":""},"categories":[2],"tags":[],"class_list":["post-77761","post","type-post","status-publish","format-standard","has-post-thumbnail","hentry","category-geral"],"_links":{"self":[{"href":"https:\/\/www.caririemacao.com\/1\/wp-json\/wp\/v2\/posts\/77761","targetHints":{"allow":["GET"]}}],"collection":[{"href":"https:\/\/www.caririemacao.com\/1\/wp-json\/wp\/v2\/posts"}],"about":[{"href":"https:\/\/www.caririemacao.com\/1\/wp-json\/wp\/v2\/types\/post"}],"author":[{"embeddable":true,"href":"https:\/\/www.caririemacao.com\/1\/wp-json\/wp\/v2\/users\/2"}],"replies":[{"embeddable":true,"href":"https:\/\/www.caririemacao.com\/1\/wp-json\/wp\/v2\/comments?post=77761"}],"version-history":[{"count":1,"href":"https:\/\/www.caririemacao.com\/1\/wp-json\/wp\/v2\/posts\/77761\/revisions"}],"predecessor-version":[{"id":77763,"href":"https:\/\/www.caririemacao.com\/1\/wp-json\/wp\/v2\/posts\/77761\/revisions\/77763"}],"wp:featuredmedia":[{"embeddable":true,"href":"https:\/\/www.caririemacao.com\/1\/wp-json\/wp\/v2\/media\/77762"}],"wp:attachment":[{"href":"https:\/\/www.caririemacao.com\/1\/wp-json\/wp\/v2\/media?parent=77761"}],"wp:term":[{"taxonomy":"category","embeddable":true,"href":"https:\/\/www.caririemacao.com\/1\/wp-json\/wp\/v2\/categories?post=77761"},{"taxonomy":"post_tag","embeddable":true,"href":"https:\/\/www.caririemacao.com\/1\/wp-json\/wp\/v2\/tags?post=77761"}],"curies":[{"name":"wp","href":"https:\/\/api.w.org\/{rel}","templated":true}]}}